{"id":100,"count":1,"description":"","link":"https:\/\/eec.cat\/blog\/tag\/carrecs-actuals-de-la-mesa-de-lesglesia-evangelica-de-catalunya\/","name":"C\u00e0rrecs actuals de la Mesa de l'Esgl\u00e9sia Evang\u00e8lica de Catalunya","slug":"carrecs-actuals-de-la-mesa-de-lesglesia-evangelica-de-catalunya","taxonomy":"post_tag","meta":[],"_links":{"self":[{"href":"https:\/\/eec.cat\/blog\/wp-json\/wp\/v2\/tags\/100","targetHints":{"allow":["GET"]}}],"collection":[{"href":"https:\/\/eec.cat\/blog\/wp-json\/wp\/v2\/tags"}],"about":[{"href":"https:\/\/eec.cat\/blog\/wp-json\/wp\/v2\/taxonomies\/post_tag"}],"wp:post_type":[{"href":"https:\/\/eec.cat\/blog\/wp-json\/wp\/v2\/posts?tags=100"}],"curies":[{"name":"wp","href":"https:\/\/api.w.org\/{rel}","templated":true}]}}