{"id":967,"date":"2015-01-17T10:16:29","date_gmt":"2015-01-17T10:16:29","guid":{"rendered":"http:\/\/eec.cat\/blog\/?p=967"},"modified":"2015-01-20T08:14:34","modified_gmt":"2015-01-20T08:14:34","slug":"esglesia-plural","status":"publish","type":"post","link":"https:\/\/eec.cat\/blog\/esglesia-plural\/","title":{"rendered":"Esgl\u00e9sia Plural"},"content":{"rendered":"<p><strong>INFORMATIU<\/strong><\/p>\n<p>14 de gener de 2015<\/p>\n<p><strong>\u00daLTIMA HORA<\/strong><\/p>\n<p><a href=\"http:\/\/eec.cat\/blog\/wp-content\/uploads\/2015\/01\/images.jpeg\"><img loading=\"lazy\" decoding=\"async\" class=\"alignleft size-thumbnail wp-image-969\" src=\"http:\/\/eec.cat\/blog\/wp-content\/uploads\/2015\/01\/images-150x150.jpeg\" alt=\"images\" width=\"150\" height=\"150\" \/><\/a>L&#8217;arquebisbe de Barcelona prohibeix una confer\u00e8ncia del te\u00f2leg Juan Jos\u00e9 Tamayo a l&#8217;esgl\u00e9sia de Sant Medir.<\/p>\n<p>Ens acaben d&#8217;informar que per ordre directa del cardenal Mart\u00ednez Sistach, arquebisbe de Barcelona, s&#8217;ha prohibit la confer\u00e8ncia que dem\u00e0 dijous 15\/1 s&#8217;havia de celebrar als locals de la parr\u00f2quia de Sant Medir.<\/p>\n<p>Els organitzadors han decidit traslladar l&#8217;acte a un altre local, propietat de la mateixa parr\u00f2quia, situat al carrer Olzinelles, 116.<\/p>\n<p>Aquesta prohibici\u00f3 \u00e9s una mostra de la manca de sintonia que tenen molts bisbes amb el programa renovador del papa Francesc. Quan aquest s&#8217;acosta a la teologia de l&#8217;alliberament i parla amb els te\u00f2legs fins ara perseguits pel Vatic\u00e0, quan ha rellan\u00e7at el proc\u00e9s de beatificaci\u00f3 de monsenyor Romero, quan demana obertura, di\u00e0leg i acollir la difer\u00e8ncia, bona part de l&#8217;episcopat espanyol mira cap un altre lloc.<\/p>\n<p>No s\u00e9 si l&#8217;arquebisbe de Barcelona era present a la trobada que el Papa va fer amb els cardenals de la c\u00faria, on els va llegir la cartilla p\u00fablicament, si no hi era tamb\u00e9 hauria de prendre bona nota de cada una de les 15 malalties de la c\u00faria, denunciades per Francesc, i de manera molt especial la n\u00famero 4 &#8220;la malaltia del funcionalisme&#8221; que segons el Papa consisteix en &#8220;que sempre \u00e9s m\u00e9s f\u00e0cil i m\u00e9s c\u00f2mode amotllar-se a les pr\u00f2pies posicions est\u00e0tiques i immutables, quan en realitat l&#8217;Esgl\u00e9sia \u00e9s fidel a l&#8217;Esperit Sant en la mesura en que no t\u00e9 la pretensi\u00f3 de regular-lo i domesticar-lo -ai domesticar l&#8217;Esperit Sant!- quan Ell \u00e9s frecor, fantasia, novetat&#8221; Tamb\u00e9 hauria d&#8217;estar atent a la malaltia n\u00famero 6, la que el Papa anomena &#8220;de l&#8217;Alzheimer espiritual&#8221; i que afecta a aquells que &#8220;depenen completament del seu present, de les seves passions, capricis i manies; ho veiem en aquells que construeixen al seu voltant murs.&#8221;<\/p>\n<p>Aquesta prohibici\u00f3 \u00e9s un mal acabament de la seva etapa com arquebisbe de Barcelona. Esperem que el relleu arribi aviat.<\/p>\n<p>JT<\/p>\n<p><strong>Confer\u00e8ncia de Juan Jos\u00e9 Tamayo a Barcelona<\/strong><\/p>\n<p><a href=\"http:\/\/eec.cat\/blog\/wp-content\/uploads\/2015\/01\/images-1.jpeg\"><img loading=\"lazy\" decoding=\"async\" class=\"alignleft  wp-image-971\" src=\"http:\/\/eec.cat\/blog\/wp-content\/uploads\/2015\/01\/images-1-150x150.jpeg\" alt=\"images-1\" width=\"134\" height=\"134\" \/><\/a>Aquests dijous 15 de gener, a les 20.30, al carrer Olzinelles 116, sou convidats a assistir a la confer\u00e8ncia del te\u00f2leg Juan Jos\u00e9 Tamayo sobre &#8220;el missatge d&#8217;Ellacuria amb motiu del 25\u00e8 aniversari del seu assassinat&#8221; organitzada pel Grup Cristia de Reflexi\u00f3, de la parr\u00f2quia de Sant Medir.<\/p>\n<p>Us adjuntem invitaci\u00f3. Recordeu el canvi de local.<\/p>\n<p>Tamayo forma part de la asociaci\u00f3n de te\u00f3logos i te\u00f3logas Juan XXIII, \u00e9s Doctor en Teologia i actualment professor titular de la c\u00e0tedra de Teolog\u00eda y Ciencia de las Religiones Ignacio Ellacuria de la Universidad Carlos III. Autor de nombrosos llibres de teologia i espiritualitat. \u00c9s un dels te\u00f2legs espanyols m\u00e9s propers a la Teologia de l&#8217;Alliberament. El seu missatge valent i prof\u00e8tic li ha costat la reprovaci\u00f3 de les autoritats vaticanes i la prohibici\u00f3 de molts dels seus actes dins l&#8217;Estat Espanyol.<\/p>\n<p>&nbsp;<\/p>\n<p><strong>El web d&#8217;Esgl\u00e9sia Plural est\u00e0 fora de servei per reiterats atacs inform\u00e0tics.<\/strong><\/p>\n<p><a href=\"http:\/\/eec.cat\/blog\/wp-content\/uploads\/2015\/01\/Unknown.jpeg\"><img loading=\"lazy\" decoding=\"async\" class=\"aligncenter size-full wp-image-972\" src=\"http:\/\/eec.cat\/blog\/wp-content\/uploads\/2015\/01\/Unknown.jpeg\" alt=\"Unknown\" width=\"300\" height=\"168\" \/><\/a><\/p>\n<p>Us informem que el web d&#8217;Esgl\u00e9sia Plural est\u00e0 fora de servei pels reiterats atacs inform\u00e0tics rebuts des de fa alguns mesos.<\/p>\n<p>Des de que varem engegar la campanya de recollida de signatures per oposar-nos al nomenament del cardenal Ca\u00f1izares com a possible nou arquebisbe de Barcelona, ja varem comen\u00e7ar a rebre alguns atacs, despr\u00e9s, arran de la campanya per demanar als bisbes de Catalunya el seu suport al dret a decidir, els atacs es varen reprendre i ja no han cessat fins que finalment han aconseguit tombar-nos la p\u00e0gina web. Els danys s\u00f3n molt seriosos i a hores d&#8217;ara no sabem si podrem recuperar-la, ni quan.<\/p>\n<p>Aquests darrers dies hem pogut tornar-la a activa i que fos visible, per\u00f2 el seu estat \u00e9s molt pen\u00f3s. Els codis maliciosos que ens han introdu\u00eft han destrossat l&#8217;estructura del web i han afectat els continguts emmagatzemats.<\/p>\n<p>No tenim cap pista d&#8217;on han vingut aquests atacs, tampoc tenim mitjans per poder-ho saber i per tant no podem dir que el motiu hagin estat les campanyes esmentades, per\u00f2 la coincid\u00e8ncia temporal ens fa sospitat que hi tenen alguna cosa a veure.<\/p>\n<p>Des d&#8217;aquest moment el nostre sistema de comunicaci\u00f3 ser\u00e0 la p\u00e0gina de Facebook i el compte de Twitter @esglesia_plural, us animem que ens seguiu per aquestes xarxes.<\/p>\n","protected":false},"excerpt":{"rendered":"<p>INFORMATIU 14 de gener de 2015 \u00daLTIMA HORA L&#8217;arquebisbe de Barcelona prohibeix una confer\u00e8ncia del te\u00f2leg Juan Jos\u00e9 Tamayo a l&#8217;esgl\u00e9sia de Sant Medir. Ens acaben d&#8217;informar que per ordre directa del cardenal Mart\u00ednez Sistach, arquebisbe de Barcelona, s&#8217;ha prohibit la confer\u00e8ncia que dem\u00e0 dijous 15\/1 s&#8217;havia de celebrar als locals de la parr\u00f2quia de [&hellip;]<\/p>\n","protected":false},"author":1,"featured_media":0,"comment_status":"open","ping_status":"open","sticky":false,"template":"","format":"standard","meta":{"_jetpack_memberships_contains_paid_content":false,"footnotes":""},"categories":[4],"tags":[],"class_list":["post-967","post","type-post","status-publish","format-standard","hentry","category-noticies"],"jetpack_sharing_enabled":true,"jetpack_featured_media_url":"","_links":{"self":[{"href":"https:\/\/eec.cat\/blog\/wp-json\/wp\/v2\/posts\/967","targetHints":{"allow":["GET"]}}],"collection":[{"href":"https:\/\/eec.cat\/blog\/wp-json\/wp\/v2\/posts"}],"about":[{"href":"https:\/\/eec.cat\/blog\/wp-json\/wp\/v2\/types\/post"}],"author":[{"embeddable":true,"href":"https:\/\/eec.cat\/blog\/wp-json\/wp\/v2\/users\/1"}],"replies":[{"embeddable":true,"href":"https:\/\/eec.cat\/blog\/wp-json\/wp\/v2\/comments?post=967"}],"version-history":[{"count":0,"href":"https:\/\/eec.cat\/blog\/wp-json\/wp\/v2\/posts\/967\/revisions"}],"wp:attachment":[{"href":"https:\/\/eec.cat\/blog\/wp-json\/wp\/v2\/media?parent=967"}],"wp:term":[{"taxonomy":"category","embeddable":true,"href":"https:\/\/eec.cat\/blog\/wp-json\/wp\/v2\/categories?post=967"},{"taxonomy":"post_tag","embeddable":true,"href":"https:\/\/eec.cat\/blog\/wp-json\/wp\/v2\/tags?post=967"}],"curies":[{"name":"wp","href":"https:\/\/api.w.org\/{rel}","templated":true}]}}