{"id":961,"date":"2015-01-12T09:19:54","date_gmt":"2015-01-12T09:19:54","guid":{"rendered":"http:\/\/eec.cat\/blog\/?p=961"},"modified":"2015-01-12T09:20:48","modified_gmt":"2015-01-12T09:20:48","slug":"dia-dia-12-de-gener-18-de-gener-2015","status":"publish","type":"post","link":"https:\/\/eec.cat\/blog\/dia-dia-12-de-gener-18-de-gener-2015\/","title":{"rendered":"Dia a Dia. 12 de gener &#8211; 18 de gener 2015"},"content":{"rendered":"<p><strong><span style=\"text-decoration: underline;\"><span style=\"color: #0000ff; text-decoration: underline;\"><a href=\"http:\/\/eec.cat\/blog\/wp-content\/uploads\/2013\/10\/nares.jpg\"><img loading=\"lazy\" decoding=\"async\" class=\"alignleft size-thumbnail wp-image-332\" src=\"http:\/\/eec.cat\/blog\/wp-content\/uploads\/2013\/10\/nares-150x150.jpg\" alt=\"nares\" width=\"150\" height=\"150\" \/><\/a>Dilluns, 12 de gener Filipencs 3,12-16<\/span><\/span><\/strong><\/p>\n<p>Mai, no hem arribat. Tota la vida \u00e9s una cursa vers l\u2019objec-u final: Jesucrist. Ning\u00fa no \u00e9s perfecte.<br \/>\nLa vida cristiana ha d\u2019\u00e9sser un con-nu creixement vers l\u2019objectiu de la vida i, a mesura<br \/>\nque l\u2019anem assolint, ha d\u2019anar canviant, per tal de reflectir la gl\u00f2ria del Regne vers el qual<br \/>\nanem. Si el pecat \u00e9s desviar-se del cam\u00ed, i caminar per un cam\u00ed errat; la fe ens posa en el cam\u00ed<br \/>\ncorrecte, i ens d\u00f3na els mitjans per poder-lo rec\u00f3rrer. I tamb\u00e9 els mitjans necessaris per assolir<br \/>\nla gl\u00f2ria final.<\/p>\n<p>D\u00f3na\u2019m, Senyor, la for\u00e7a di\u00e0ria per a la cursa.<\/p>\n<p><strong><span style=\"text-decoration: underline;\"><span style=\"color: #0000ff; text-decoration: underline;\">Dimarts, 13 de gener Filipencs 3,17-21<\/span><\/span><\/strong><\/p>\n<p>Pot semblar presumptu\u00f3s que Pau es proposi a si mateix com a model a seguir. Per\u00f2, ell sap<br \/>\nmolt b\u00e9 que qui va davant de tots, i ens inspira a tots, \u00e9s Crist. I tamb\u00e9 sap que, lamentablement, n\u2019hi ha molts que no segueixen el cam\u00ed, malgrat que professen ser cristians. S\u00f3naquells que tenen com a D\u00e9u el ventre i el sexe. El cristi\u00e0 ha de ser diferent. \u00c9s ciutad\u00e0 del cel, i cap all\u00e0 camina. \u00bfCom \u00e9s concebible que estigui dominat per les passions humanes?<\/p>\n<p>D\u00f3na\u2019m, Senyor, netedat de vida, a la ment i al cor.<\/p>\n<p><span style=\"text-decoration: underline;\"><strong><span style=\"color: #0000ff; text-decoration: underline;\">Dimecres, 14 de gener Filipencs 4,1-3<\/span><\/strong><\/span><\/p>\n<p>Escrits en el llibre de la vida, qu\u00e8 vol dir? Ho sabem, nosaltres? Ho sap l\u2019ap\u00f2stol?<br \/>\nTota la seva vida, des de la conversi\u00f3, ha estat dedicada a escriure una nova hist\u00f2ria<br \/>\nen aquest llibre. No la seva pr\u00f2pia, sin\u00f3 aquella que ha estat possible gr\u00e0cies a Crist.<\/p>\n<p>Ara ho recorda, i tamb\u00e9 recorda altres noms que hi s\u00f3n. I els nostres?<\/p>\n<p><strong><span style=\"text-decoration: underline;\"><span style=\"color: #0000ff; text-decoration: underline;\">Dijous, 15 de gener Filipencs 4,4-7<\/span><\/span><\/strong><\/p>\n<p>Els cristians tenim motius d\u2019alegria: el Senyor \u00e9s a prop. Queda poc temps. El que cal<br \/>\n\u00e9s viure sense inquietuds, en la preg\u00e0ria i en la pau. I els altres? El que diu Pau no<br \/>\nexclou la nostra responsabilitat en el m\u00f3n. L\u2019hem d\u2019acomplir, per\u00f2 en la serenitat i<br \/>\nen la pau interior. Tots vivim sota la pau de D\u00e9u que sobrepassa tot enteniment.<br \/>\nQu\u00e8 ens pot torbar?<\/p>\n<p>No oblidem l\u2019acci\u00f3 de gr\u00e0cies. Busquem avui un motiu per donar gr\u00e0cies a D\u00e9u.<\/p>\n<p><strong><span style=\"text-decoration: underline;\"><span style=\"color: #0000ff; text-decoration: underline;\">Divendres, 16 de gener Filipencs 4,8-9<\/span><\/span><\/strong><\/p>\n<p>La darrera recomanaci\u00f3 de l\u2019ap\u00f2stol es refereix als objectius de la vida. Poden ser<br \/>\nmolt diversos, per\u00f2 ha d\u2019haver-hi una unitat fonamental. Quina ha de ser? Ens ho<br \/>\ndiu amb tota claredat el passatge: la vida no \u00e9s una s\u00e8rie d\u2019actes que hem de fer o<br \/>\nque hem d\u2019evitar. El m\u00e9s important de la vida \u00e9s prendre la direcci\u00f3 correcta i seguir<br \/>\nendavant sense mirar enrere.<\/p>\n<p>Et demano, Senyor, que en totes les meves lluites tingui la teva pau.<\/p>\n<p><strong><span style=\"text-decoration: underline;\"><span style=\"color: #0000ff; text-decoration: underline;\">Dissabte, 17 de gener Filipencs 4,10-14<\/span><\/span><\/strong><\/p>\n<p>Pau ha arribat a una vertadera saviesa. Sap tenir, i sap no tenir. Est\u00e0 avesat a tot. I aix\u00f2 \u00e9s<br \/>\nimportant. Saber no tenir i saber rebre. No \u00e9s cap vergonya rebre dels altres quan tenim necessitat.<br \/>\nHo fem en el si del cos de Crist on tots som germans. Pau es va obrir a rebre l\u2019ajuda<br \/>\ndels germans, ell que mai no havia volgut viure de l\u2019evangeli. Per altra banda, tamb\u00e9 \u00e9s molt<br \/>\ndif\u00edcil aprendre a tenir, perqu\u00e8 molt sovint caiem en la temptaci\u00f3 de l\u2019egoisme. En tot i per<br \/>\ntot \u00e9s molt important la solidaritat.<\/p>\n<p>Ensenya\u2019m, Senyor, a rebre i a donar.<\/p>\n<p><strong><span style=\"text-decoration: underline;\"><span style=\"color: #0000ff; text-decoration: underline;\">Diumenge, 18 de gener Filipencs 4,15-23<\/span><\/span><\/strong><\/p>\n<p>La resposta de D\u00e9u al clam del profeta ens mostra que els camins de D\u00e9u i els nostres mai no<br \/>\ns\u00f3n els mateixos. Quan el profeta demana alliberament, se li anuncia m\u00e9s opressi\u00f3. Els caldeus<br \/>\nenemics estan a punt d\u2019arribar. Encara no s\u2019ha acabat el c\u00e0stig del poble. Un futur ben<br \/>\namarg els espera. \u00c9s que D\u00e9u vol el seu mal? No. M\u00e9s aviat, han sembrat vents i recullen<br \/>\ntempestats.<\/p>\n<p>Molt sovint, en lloc de demanar l\u2019alliberament, haur\u00edem de demanar la nostra conversi\u00f3 als<br \/>\ncamins de l\u2019amor i la reconciliaci\u00f3.<\/p>\n","protected":false},"excerpt":{"rendered":"<p>Dilluns, 12 de gener Filipencs 3,12-16 Mai, no hem arribat. Tota la vida \u00e9s una cursa vers l\u2019objec-u final: Jesucrist. Ning\u00fa no \u00e9s perfecte. La vida cristiana ha d\u2019\u00e9sser un con-nu creixement vers l\u2019objectiu de la vida i, a mesura que l\u2019anem assolint, ha d\u2019anar canviant, per tal de reflectir la gl\u00f2ria del Regne vers [&hellip;]<\/p>\n","protected":false},"author":1,"featured_media":0,"comment_status":"open","ping_status":"open","sticky":false,"template":"","format":"standard","meta":{"_jetpack_memberships_contains_paid_content":false,"footnotes":""},"categories":[7],"tags":[],"class_list":["post-961","post","type-post","status-publish","format-standard","hentry","category-meditacions-diaries"],"jetpack_sharing_enabled":true,"jetpack_featured_media_url":"","_links":{"self":[{"href":"https:\/\/eec.cat\/blog\/wp-json\/wp\/v2\/posts\/961","targetHints":{"allow":["GET"]}}],"collection":[{"href":"https:\/\/eec.cat\/blog\/wp-json\/wp\/v2\/posts"}],"about":[{"href":"https:\/\/eec.cat\/blog\/wp-json\/wp\/v2\/types\/post"}],"author":[{"embeddable":true,"href":"https:\/\/eec.cat\/blog\/wp-json\/wp\/v2\/users\/1"}],"replies":[{"embeddable":true,"href":"https:\/\/eec.cat\/blog\/wp-json\/wp\/v2\/comments?post=961"}],"version-history":[{"count":0,"href":"https:\/\/eec.cat\/blog\/wp-json\/wp\/v2\/posts\/961\/revisions"}],"wp:attachment":[{"href":"https:\/\/eec.cat\/blog\/wp-json\/wp\/v2\/media?parent=961"}],"wp:term":[{"taxonomy":"category","embeddable":true,"href":"https:\/\/eec.cat\/blog\/wp-json\/wp\/v2\/categories?post=961"},{"taxonomy":"post_tag","embeddable":true,"href":"https:\/\/eec.cat\/blog\/wp-json\/wp\/v2\/tags?post=961"}],"curies":[{"name":"wp","href":"https:\/\/api.w.org\/{rel}","templated":true}]}}