{"id":949,"date":"2014-12-31T20:14:26","date_gmt":"2014-12-31T20:14:26","guid":{"rendered":"http:\/\/eec.cat\/blog\/?p=949"},"modified":"2014-12-31T20:14:26","modified_gmt":"2014-12-31T20:14:26","slug":"dia-dels-innocents","status":"publish","type":"post","link":"https:\/\/eec.cat\/blog\/dia-dels-innocents\/","title":{"rendered":"Dia dels innocents"},"content":{"rendered":"<p><a href=\"http:\/\/eec.cat\/blog\/wp-content\/uploads\/2014\/12\/CAM00020.jpg\"><img loading=\"lazy\" decoding=\"async\" class=\"aligncenter size-large wp-image-950\" src=\"http:\/\/eec.cat\/blog\/wp-content\/uploads\/2014\/12\/CAM00020-576x1024.jpg\" alt=\"CAM00020\" width=\"576\" height=\"1024\" srcset=\"https:\/\/eec.cat\/blog\/wp-content\/uploads\/2014\/12\/CAM00020-576x1024.jpg 576w, https:\/\/eec.cat\/blog\/wp-content\/uploads\/2014\/12\/CAM00020-168x300.jpg 168w, https:\/\/eec.cat\/blog\/wp-content\/uploads\/2014\/12\/CAM00020.jpg 1836w\" sizes=\"auto, (max-width: 576px) 100vw, 576px\" \/><\/a><\/p>\n<p>El Dia dels innocents \u00e9s el dia de les bromes. La premsa, la r\u00e0dio i els telenot\u00edcies intenten colar not\u00edcies inversemblants per tal de fer somriure a l\u2019audi\u00e8ncia. Entre els companys de l\u2019escola s\u2019enganxen llufes a l\u2019esquena per tal de fer-ne burla. \u00c9s una festa simp\u00e0tica que fa befa de la gent c\u00e0ndida que es creu tot el que li diuen.<\/p>\n<p>Per\u00f2 en el dia dels innocents es celebren uns fets terribles. Com que es descriuen a la B\u00edblia, podr\u00edem creure que la celebraci\u00f3 del dia dels innocents \u00e9s una festivitat religiosa. \u00c9s veritat que els nens varen ser assassinats a causa de Jes\u00fas i que per tant formen part de la hist\u00f2ria de Jes\u00fas, per\u00f2 els fets estan lluny de ser un acte religi\u00f3s perqu\u00e8 el desencadenant d\u2019aquests crims va ser una causa pol\u00edtica. El rei Herodes va fer matar tos els nens fins a dos anys per tal de protegir el seu tron. Era una ra\u00f3 d\u2019estat.<\/p>\n<p>Quina culpa tenien aquests infants perqu\u00e8 els assassinessin? Van tenir la mala sort de ser coetanis de Jes\u00fas. D\u2019aquests nens avui en dir\u00edem v\u00edctimes col\u00b7laterals per raons d\u2019estat. Aquest \u00e9s un terme molt actual per descriure comportaments molt habituals al decurs de la hist\u00f2ria de la humanitat. No ens enganyem, els governs tenen la tend\u00e8ncia a menysvalorar la vida de la gent senzilla, de la poblaci\u00f3 que no t\u00e9 poder ni riqueses ni influ\u00e8ncies ni veu. S\u00f3n gent que no<br \/>\nimporten i que no compten. S\u00f3n gent que quan hi ha problemes s\u00f3n els que s\u2019emporten les pitjors conseq\u00fc\u00e8ncies. S\u00f3n gent que podem culpar de tots els mals perqu\u00e8 son la darrera baula de la cadena de la societat.<\/p>\n<p>Per\u00f2 de vegades aquestes persones innocents, que no compten per res, que aguanten els infortunis i que s\u00f3n explotades, de cop diuen prou. Al llarg de la hist\u00f2ria hi ha hagut revolucions famoses i violentes provocades pel descontentament del poble. La revoluci\u00f3 francesa, la revoluci\u00f3 bolxevic o la revoluci\u00f3 maoista s\u00f3n exemples d\u2019aixecaments del poble oprimit i explotat.<\/p>\n<p>Cal dir que els cristians no ens trobem c\u00f2modes entre les revolucions violentes perqu\u00e8 la viol\u00e8ncia va en contra de la nostra manera de ser. Per aix\u00f2 v\u00e0rem aplaudir les revolucions comandades per Gandhi, per Luter King o Mandela perqu\u00e8 abanderaven la no-viol\u00e8ncia al mateix temps que no resignaven als oprimits al seu dest\u00ed tr\u00e0gic. Van aconseguir v\u00e8ncer la injust\u00edcia, l\u2019opressi\u00f3, la discriminaci\u00f3 i l\u2019explotaci\u00f3 fent protestes i posant en evid\u00e8ncia els poders f\u00e0ctics del pa\u00eds. Jugant amb l\u2019estat d\u2019opini\u00f3 van debilitar les posicions de for\u00e7a militar dels governs i varen aconseguir la vict\u00f2ria.<\/p>\n<p>Per\u00f2 quan creiem que amb les revolucions pac\u00edfiques, la desobedi\u00e8ncia civil i el desenvolupament de la democr\u00e0cia hav\u00edem aconseguit que el poble fos respectat, quan est\u00e0vem conven\u00e7uts que la guerra ja no era la soluci\u00f3 a cap conflicte, apareixen grups terroristes violents i criminals de caire religi\u00f3s que retallen drets i llibertats i imposen una forma de ser, pensar, creure i viure l\u2019Islam exercint una viol\u00e8ncia brutal contra els seu propi poble. Assassinen sense el m\u00e9s m\u00ednim respecte per la vida humana. M\u2019estic referint a l\u2019autoanomenat grup Estat Isl\u00e0mic. Aquest ex\u00e8rcit terrorista, amb obscures fonts de finan\u00e7ament, vol destruir tot el que no compleix amb el que ells diuen que \u00e9s l\u2019Islam. Arrasen per on passen i assassinen el poble innocent amb l\u2019argument que no s\u00f3n vertaders musulmans. Us podeu imaginar el dest\u00ed que els espera a la poblaci\u00f3 no musulmana.<\/p>\n<p>A difer\u00e8ncia dels governs occidentals a l\u2019ex\u00e8rcit de l\u2019Estat isl\u00e0mic no l\u2019importa l\u2019opini\u00f3 p\u00fablica. Al contrari, prefereix mostrar-se a l\u2019opini\u00f3 p\u00fablica com un grup que troba en l\u2019assassinat la seva for\u00e7a. \u00c9s un ex\u00e8rcit farcit de joves formats a occident dominats per l\u2019odi i pel fanatisme que troben en la guerra santa una v\u00e0lvula d\u2019escapament a les seves frustracions i als seus anhels.<\/p>\n<p>I davant d\u2019aquesta barb\u00e0rie de viol\u00e8ncia i crims contra innocents les nostres conviccions pacifistes trontollen i sorgeix amb for\u00e7a el concepte de guerra justa. Les noves realitats confronten les nostres conviccions. El que pens\u00e0vem fa un temps se\u2019ns dissol com terr\u00f2s de sucre en aigua calenta enfront dels nous fets que estem vivint.<\/p>\n<p>I aqu\u00ed ens trobem, sense saber qu\u00e8 pensar ni qu\u00e8 decidir. \u00c9s just utilitzar la viol\u00e8ncia contra aquests grups terroristes? O \u00e9s millor conv\u00e8ncer-los que la viol\u00e8ncia no aporta res de positiu? Em sotraga el fet que D\u00e9u abandon\u00e9s els nens coetanis de Jes\u00fas a l\u2019espasa d\u2019Herodes. Per\u00f2 el cert \u00e9s que D\u00e9u va preferir el cam\u00ed de Jes\u00fas al cam\u00ed de la viol\u00e8ncia. El conflicte que genera l\u2019Estat Isl\u00e0mic no admet subterfugis on esquivar la nostra resposta. Des del nostre pa\u00eds, lluny del conflicte la resposta no \u00e9s f\u00e0cil.<\/p>\n<p>Qu\u00e8 hem de fer? Davant d\u2019un dilema on no tenim clara la nostra posici\u00f3, busquem arguments i reflexions que ens ajudin a dilucidar quina a de ser la postura correcta. Els cat\u00f2lics miraran al Papa perqu\u00e8 els digui quin \u00e9s el pensament correcte. Els jueus buscaran en la Tor\u00e0 la resposta al dilema. Nosaltres els protestants obrirem la B\u00edblia a la recerca d\u2019un passatge que ens il\u00b7lumini. Altres seguiran el que diuen els pol\u00edtics, altres el que diuen els pensadors. Per\u00f2 al final has de ser tu que has d\u2019optar: La guerra justa o la lluita pac\u00edfica. Cadasc\u00fa ha de contestar-se honestament.<\/p>\n<p>De vegades \u00e9s dif\u00edcil ser cristi\u00e0 perqu\u00e8 ens exigeix que ens pronunciem sobre aspectes dif\u00edcils de la vida que no s\u00f3n blancs o negres i que confronten les nostres conviccions. Dubtem. No importa. Jes\u00fas no ens va donar totes les respostes. Per\u00f2 recorda que en el teu cor hi ha plantada una llavor que ha germinat. Per aix\u00f2 quan en la teva vida tinguis un dubte, cal escoltar els arguments dels altres. Per\u00f2 no deixis que els altres decideixin per tu.<\/p>\n<p>El cristianisme no \u00e9s un codi penal on s\u2019enumeren totes les faltes i els c\u00e0stigs corresponents. Tampoc \u00e9s un codi de conducta on es llisten totes les accions que ens estan permeses de fer. El cristianisme \u00e9s inspiraci\u00f3. No esperis que la B\u00edblia s\u2019obri en la p\u00e0gina on trobar la resposta, ni esperis un senyal de D\u00e9u que t\u2019indiqui el cam\u00ed. Deixa\u2019t inspirar pel missatge de Crist. Senzillament escolta aquesta petita llavor que ha germinat en el teu cor perqu\u00e8 \u00e9s la veu de D\u00e9u que \u00e9s dins teu, nom\u00e9s has d\u2019escoltar-la.<\/p>\n<p><strong>Rub\u00e8n Pall\u00e0s<\/strong><\/p>\n","protected":false},"excerpt":{"rendered":"<p>El Dia dels innocents \u00e9s el dia de les bromes. La premsa, la r\u00e0dio i els telenot\u00edcies intenten colar not\u00edcies inversemblants per tal de fer somriure a l\u2019audi\u00e8ncia. Entre els companys de l\u2019escola s\u2019enganxen llufes a l\u2019esquena per tal de fer-ne burla. \u00c9s una festa simp\u00e0tica que fa befa de la gent c\u00e0ndida que es [&hellip;]<\/p>\n","protected":false},"author":1,"featured_media":0,"comment_status":"open","ping_status":"open","sticky":false,"template":"","format":"standard","meta":{"_jetpack_memberships_contains_paid_content":false,"footnotes":""},"categories":[1],"tags":[],"class_list":["post-949","post","type-post","status-publish","format-standard","hentry","category-general"],"jetpack_sharing_enabled":true,"jetpack_featured_media_url":"","_links":{"self":[{"href":"https:\/\/eec.cat\/blog\/wp-json\/wp\/v2\/posts\/949","targetHints":{"allow":["GET"]}}],"collection":[{"href":"https:\/\/eec.cat\/blog\/wp-json\/wp\/v2\/posts"}],"about":[{"href":"https:\/\/eec.cat\/blog\/wp-json\/wp\/v2\/types\/post"}],"author":[{"embeddable":true,"href":"https:\/\/eec.cat\/blog\/wp-json\/wp\/v2\/users\/1"}],"replies":[{"embeddable":true,"href":"https:\/\/eec.cat\/blog\/wp-json\/wp\/v2\/comments?post=949"}],"version-history":[{"count":0,"href":"https:\/\/eec.cat\/blog\/wp-json\/wp\/v2\/posts\/949\/revisions"}],"wp:attachment":[{"href":"https:\/\/eec.cat\/blog\/wp-json\/wp\/v2\/media?parent=949"}],"wp:term":[{"taxonomy":"category","embeddable":true,"href":"https:\/\/eec.cat\/blog\/wp-json\/wp\/v2\/categories?post=949"},{"taxonomy":"post_tag","embeddable":true,"href":"https:\/\/eec.cat\/blog\/wp-json\/wp\/v2\/tags?post=949"}],"curies":[{"name":"wp","href":"https:\/\/api.w.org\/{rel}","templated":true}]}}