{"id":943,"date":"2014-12-27T21:13:54","date_gmt":"2014-12-27T21:13:54","guid":{"rendered":"http:\/\/eec.cat\/blog\/?p=943"},"modified":"2014-12-27T21:15:04","modified_gmt":"2014-12-27T21:15:04","slug":"missatge-de-nadal-2014-del-secretari-general-del-consell-mundial-desglesies","status":"publish","type":"post","link":"https:\/\/eec.cat\/blog\/missatge-de-nadal-2014-del-secretari-general-del-consell-mundial-desglesies\/","title":{"rendered":"Missatge de Nadal 2014. Del secretari general del Consell Mundial d\u00b4Esgl\u00e9sies"},"content":{"rendered":"<p>Font: Consell Mundial d\u2019Esgl\u00e9sies<\/p>\n<p>Benvolguts amics i de viatge:<\/p>\n<p>Salutacions en nom de D\u00e9u Totpoder\u00f3s: Pare, Fill i Esperit Sant. Que les benediccions d&#8217;aquest temps d&#8217;Advent, un temps d&#8217;expectaci\u00f3, estiguin a les seves llars i les seves comunitats, i es facin especialment presents en les vides d&#8217;aquells que han de deixar les seves llars en temps com aquest.<\/p>\n<figure id=\"attachment_944\" aria-describedby=\"caption-attachment-944\" style=\"width: 300px\" class=\"wp-caption alignleft\"><a href=\"http:\/\/eec.cat\/blog\/wp-content\/uploads\/2014\/12\/preview.jpg\"><img loading=\"lazy\" decoding=\"async\" class=\"size-medium wp-image-944\" src=\"http:\/\/eec.cat\/blog\/wp-content\/uploads\/2014\/12\/preview-300x300.jpg\" alt=\"&quot;Els Savis&quot;- He Qi Material utilizat amb la generosa autorizaci\u00f3 de l\u00b4artista.  www.heqiart.com\" width=\"300\" height=\"300\" srcset=\"https:\/\/eec.cat\/blog\/wp-content\/uploads\/2014\/12\/preview-300x300.jpg 300w, https:\/\/eec.cat\/blog\/wp-content\/uploads\/2014\/12\/preview-150x150.jpg 150w, https:\/\/eec.cat\/blog\/wp-content\/uploads\/2014\/12\/preview.jpg 400w\" sizes=\"auto, (max-width: 300px) 100vw, 300px\" \/><\/a><figcaption id=\"caption-attachment-944\" class=\"wp-caption-text\">&#8220;Els Savis&#8221;- He Qi<br \/>Material utilizat amb la generosa autorizaci\u00f3 de l\u00b4artista.<br \/>www.heqiart.com<\/figcaption><\/figure>\n<p>\u00c9s un temps que ens convida a alegrar-nos davant la perspectiva de manifestacions m\u00e9s abundants dels prop\u00f2sits d&#8217;amor de D\u00e9u:<\/p>\n<p>\u00abAl\u00e7at radiant, Jerusalem, que arriba la teva llum: sobre teu clareja com l\u2019alba la gl\u00f2ria del Senyor. (Isa\u00efes 60: 1).<\/p>\n<p>Es tracta d&#8217;una confessi\u00f3 de gran esperan\u00e7a que D\u00e9u gui\u00ef a les persones de bona voluntat a trav\u00e9s de les tenebres cap al compliment de la promesa de D\u00e9u:<\/p>\n<p>\u00abEls pobles s\u2019acostaran a la teva llum, els reis vindran a la claror de la teva albada\u00bb. (Isa\u00efes 60: 3).<\/p>\n<p>Tertuli\u00e0, un dels primers autors cristians, associava a aquests &#8220;reis&#8221; de la profecia hebrea amb els savis de l&#8217;Evangeli de Mateu, els erudits seguidors de la llum, en el seu desig d&#8217;acompanyar a Jes\u00fas:<\/p>\n<p>\u00abDespr\u00e9s que Jes\u00fas va n\u00e9ixer a Betlem de Judea, en temps del rei Herodes, vingueren uns savis d\u2019Orient i, en arribar a Jerusalem, preguntaven: On \u00e9s el rei dels jueus, que ha nascut? Hem vist sortir la seva estrella i i venim a adorar-lo. \u00bb(Mateu, 2: 1-2).<\/p>\n<p>Pensant que el rei d&#8217;aquell moment podria indicar-los la direcci\u00f3, els savis van arribar a la cort reial abans d\u2019adonar-sen que la llum que estaven seguint els portava a un altre lloc. Li van explicar al rei Herodes el motiu del seu viatge sense d\u2019adonar-sen que al rei li preocupaven altres q\u00fcestions. El cam\u00ed cap a la llum pot variar respecte el que creiem.<\/p>\n<p>Per aix\u00f2, quan van trobar Jes\u00fas, els savis van continuar amb el seu pelegrinatge de tornada a casa per un cam\u00ed diferent: no van triar el cam\u00ed de grandesa d&#8217;Herodes, sin\u00f3 un cam\u00ed de proclamaci\u00f3 i de lloances, de just\u00edcia i de pau.<\/p>\n<p>En aquest temps de Nadal i Epifania, de dedicaci\u00f3 i del Baptisme de Jes\u00fas, ens alegrem en la Bona Nova que va guiar tant als pastors dels camps propers com als savis que venien de terres llunyanes: la bona nova que segueix llan\u00e7ant la seva llum gloriosa sobre el m\u00f3n sencer.<\/p>\n<p>No importa com sigui la fosca nit dels nostres temps: D\u00e9u \u00e9s la nostra llum.<\/p>\n<p>Preguem:<\/p>\n<p>Guia&#8217;ns amb la teva llum, Senyor. Guia els nostres passos durant la nostra peregrinaci\u00f3 de just\u00edcia i pau.<\/p>\n<p>Donem gr\u00e0cies a D\u00e9u!<\/p>\n<p><strong>Rev. Dr. Olav Fykse Tveit<\/strong><\/p>\n<p><strong>Secretari general del Consell Mundial d&#8217;Esgl\u00e9sies<\/strong><\/p>\n","protected":false},"excerpt":{"rendered":"<p>Font: Consell Mundial d\u2019Esgl\u00e9sies Benvolguts amics i de viatge: Salutacions en nom de D\u00e9u Totpoder\u00f3s: Pare, Fill i Esperit Sant. Que les benediccions d&#8217;aquest temps d&#8217;Advent, un temps d&#8217;expectaci\u00f3, estiguin a les seves llars i les seves comunitats, i es facin especialment presents en les vides d&#8217;aquells que han de deixar les seves llars en [&hellip;]<\/p>\n","protected":false},"author":1,"featured_media":0,"comment_status":"open","ping_status":"open","sticky":false,"template":"","format":"standard","meta":{"_jetpack_memberships_contains_paid_content":false,"footnotes":""},"categories":[1],"tags":[],"class_list":["post-943","post","type-post","status-publish","format-standard","hentry","category-general"],"jetpack_sharing_enabled":true,"jetpack_featured_media_url":"","_links":{"self":[{"href":"https:\/\/eec.cat\/blog\/wp-json\/wp\/v2\/posts\/943","targetHints":{"allow":["GET"]}}],"collection":[{"href":"https:\/\/eec.cat\/blog\/wp-json\/wp\/v2\/posts"}],"about":[{"href":"https:\/\/eec.cat\/blog\/wp-json\/wp\/v2\/types\/post"}],"author":[{"embeddable":true,"href":"https:\/\/eec.cat\/blog\/wp-json\/wp\/v2\/users\/1"}],"replies":[{"embeddable":true,"href":"https:\/\/eec.cat\/blog\/wp-json\/wp\/v2\/comments?post=943"}],"version-history":[{"count":0,"href":"https:\/\/eec.cat\/blog\/wp-json\/wp\/v2\/posts\/943\/revisions"}],"wp:attachment":[{"href":"https:\/\/eec.cat\/blog\/wp-json\/wp\/v2\/media?parent=943"}],"wp:term":[{"taxonomy":"category","embeddable":true,"href":"https:\/\/eec.cat\/blog\/wp-json\/wp\/v2\/categories?post=943"},{"taxonomy":"post_tag","embeddable":true,"href":"https:\/\/eec.cat\/blog\/wp-json\/wp\/v2\/tags?post=943"}],"curies":[{"name":"wp","href":"https:\/\/api.w.org\/{rel}","templated":true}]}}