{"id":940,"date":"2014-12-27T21:03:06","date_gmt":"2014-12-27T21:03:06","guid":{"rendered":"http:\/\/eec.cat\/blog\/?p=940"},"modified":"2014-12-27T21:03:34","modified_gmt":"2014-12-27T21:03:34","slug":"com-explicar-el-nadal","status":"publish","type":"post","link":"https:\/\/eec.cat\/blog\/com-explicar-el-nadal\/","title":{"rendered":"Com explicar el Nadal"},"content":{"rendered":"<p><a href=\"http:\/\/eec.cat\/blog\/wp-content\/uploads\/2014\/12\/CAM00814.jpg\"><img loading=\"lazy\" decoding=\"async\" class=\"aligncenter size-medium wp-image-941\" src=\"http:\/\/eec.cat\/blog\/wp-content\/uploads\/2014\/12\/CAM00814-206x300.jpg\" alt=\"CAM00814\" width=\"206\" height=\"300\" srcset=\"https:\/\/eec.cat\/blog\/wp-content\/uploads\/2014\/12\/CAM00814-206x300.jpg 206w, https:\/\/eec.cat\/blog\/wp-content\/uploads\/2014\/12\/CAM00814-705x1024.jpg 705w, https:\/\/eec.cat\/blog\/wp-content\/uploads\/2014\/12\/CAM00814.jpg 1836w\" sizes=\"auto, (max-width: 206px) 100vw, 206px\" \/><\/a><\/p>\n<p>Aquesta q\u00fcesti\u00f3 se&#8217;m presenta cada any quan intento explicar el Nadal als meus n\u00e9ts. Tot es complica quan em plantejo donar una resposta seriosa i accessible per als infants.<\/p>\n<p>El primer que he d&#8217;aconseguir \u00e9s donar-me una resposta a mi mateix que s&#8217;ajusti a la realitat que estic vivint. La realitat que ara estic vivint est\u00e0 molt allunyada de la realitat que vivia durant la meva inf\u00e0ncia i, fins i tot, no \u00e9s la mateixa de quan nom\u00e9s era pare i encara no tenia n\u00e9ts.<\/p>\n<p>I, si vull ser seri\u00f3s, hauria d&#8217;aprofundir en el sentit que t\u00e9 per a mi el Nadal.<\/p>\n<p>El Nadal, per a mi, t\u00e9 a veure amb la viv\u00e8ncia religiosa i lit\u00fargica.<\/p>\n<p>Per\u00f2, tamb\u00e9 amb altres aspectes com s\u00f3n els fen\u00f2mens sociol\u00f2gics que es donen al voltant d&#8217;aquesta festa religiosa. Hauria de tenir en compte la influ\u00e8ncia de la la\u00efcitat del m\u00f3n en qu\u00e8 estic immers.<\/p>\n<p>Des del punt de vista etnol\u00f2gic la societat en la que visc \u00e9s una societat ancorada en un model urb\u00e0 que ha rebut la tradici\u00f3 sedent\u00e0ria de les cultures que ens han precedit. Aquest model es diferencia d&#8217;altres models com podrien ser els models dels pobles n\u00f2mades i d&#8217;altres. Com a atribut del paradigma sedentari el model c\u00edclic del retorn i, fins i tot de l&#8217;etern retorn, \u00e9s predominant en la nostra societat que ent\u00e9n la vida com un peri\u00f2dic retorn: el cicle del dia seguit de la nit, de les estacions que es van repetint cada any&#8230;<\/p>\n<p>Quan des del m\u00f3n acad\u00e8mic s&#8217;avalua amb aquesta sensibilitat el Nadal se&#8217;ns diu que el cristianisme va adaptar les festes ancestrals de la renovaci\u00f3 del cicle solar de les estacions per conceptes religiosos que explicaven la hist\u00f2ria religiosa de Jes\u00fas des del seu naixement fins a la seva mort i resurrecci\u00f3.<\/p>\n<p>Tot aix\u00f2, per\u00f2, no crec que sigui mat\u00e8ria per explicar als meus n\u00e9ts que acabarien dient-me: &#8211; Avi, vols dir-nos d&#8217;una vegada que \u00e9s aix\u00f2 del Nadal per a tu!<\/p>\n<p>Per\u00f2, \u00e9s veritat que cada any sembla que celebrem el mateix, i que som nosaltres els qui anem canviant.<\/p>\n<p>Ells -el meus n\u00e9ts- cada any el dia del seu aniversari celebren un any m\u00e9s que els apropa a poc a poc a una adultesa plena d&#8217;inc\u00f2gnites i que els adults ho festegem oferint-los regals. Pel que fa al Nadal el viuen amb la il\u00b7lusi\u00f3 dels regals i de la trobada familiar. S\u00ed que \u00e9s veritat que comparteixen les seves il\u00b7lusions amb els pares preparant les cartes als Reis o al Pare Noel o a la generositat del ti\u00f3. Per\u00f2, no dubten pas que els regals arribaran. El motiu d&#8217;aquesta esperan\u00e7a infantil no \u00e9s altre que el de sentir-se estimats pels seus.<\/p>\n<p>En canvi jo, cada Nadal els hi explico que celebrem l&#8217;esdeveniment d&#8217;un nen nat a Betlem com si fos un fet atemporal. I que, en aquesta ocasi\u00f3, els regals no s\u00f3n pel nounat sin\u00f3 per a ells.<\/p>\n<p>Altra vegada m&#8217;adono que els n\u00e9ts m&#8217;aporten molt m\u00e9s del que jo els puc donar. Segurament aquesta manera d&#8217;ells de viure el Nadal m&#8217;hauria d&#8217;ajudar a donar-me una resposta m\u00e9s personal.<\/p>\n<p>Crec que, com els infants, hauria de viure el Nadal amb la il\u00b7lusi\u00f3 del regal que D\u00e9u em fa cada any en deixar-me viure aquest nou naixement amb la fam\u00edlia i amb la meva comunitat de fe. Cada any D\u00e9u, amb aquest regal, em demostra que sempre m&#8217;ha estimat i que sempre em seguir\u00e0 estimant.<\/p>\n<p><strong>SFM<\/strong><\/p>\n","protected":false},"excerpt":{"rendered":"<p>Aquesta q\u00fcesti\u00f3 se&#8217;m presenta cada any quan intento explicar el Nadal als meus n\u00e9ts. Tot es complica quan em plantejo donar una resposta seriosa i accessible per als infants. El primer que he d&#8217;aconseguir \u00e9s donar-me una resposta a mi mateix que s&#8217;ajusti a la realitat que estic vivint. La realitat que ara estic vivint [&hellip;]<\/p>\n","protected":false},"author":1,"featured_media":0,"comment_status":"open","ping_status":"open","sticky":false,"template":"","format":"standard","meta":{"_jetpack_memberships_contains_paid_content":false,"footnotes":""},"categories":[6],"tags":[],"class_list":["post-940","post","type-post","status-publish","format-standard","hentry","category-reflexions"],"jetpack_sharing_enabled":true,"jetpack_featured_media_url":"","_links":{"self":[{"href":"https:\/\/eec.cat\/blog\/wp-json\/wp\/v2\/posts\/940","targetHints":{"allow":["GET"]}}],"collection":[{"href":"https:\/\/eec.cat\/blog\/wp-json\/wp\/v2\/posts"}],"about":[{"href":"https:\/\/eec.cat\/blog\/wp-json\/wp\/v2\/types\/post"}],"author":[{"embeddable":true,"href":"https:\/\/eec.cat\/blog\/wp-json\/wp\/v2\/users\/1"}],"replies":[{"embeddable":true,"href":"https:\/\/eec.cat\/blog\/wp-json\/wp\/v2\/comments?post=940"}],"version-history":[{"count":0,"href":"https:\/\/eec.cat\/blog\/wp-json\/wp\/v2\/posts\/940\/revisions"}],"wp:attachment":[{"href":"https:\/\/eec.cat\/blog\/wp-json\/wp\/v2\/media?parent=940"}],"wp:term":[{"taxonomy":"category","embeddable":true,"href":"https:\/\/eec.cat\/blog\/wp-json\/wp\/v2\/categories?post=940"},{"taxonomy":"post_tag","embeddable":true,"href":"https:\/\/eec.cat\/blog\/wp-json\/wp\/v2\/tags?post=940"}],"curies":[{"name":"wp","href":"https:\/\/api.w.org\/{rel}","templated":true}]}}