{"id":928,"date":"2014-12-13T11:24:05","date_gmt":"2014-12-13T11:24:05","guid":{"rendered":"http:\/\/eec.cat\/blog\/?p=928"},"modified":"2014-12-13T11:24:37","modified_gmt":"2014-12-13T11:24:37","slug":"missatge-de-nadal-del-president-de-la-comissio-permanent-iee-2","status":"publish","type":"post","link":"https:\/\/eec.cat\/blog\/missatge-de-nadal-del-president-de-la-comissio-permanent-iee-2\/","title":{"rendered":"MISSATGE DE NADAL DEL PRESIDENT DE LA COMISSI\u00d3 PERMANENT IEE"},"content":{"rendered":"<p style=\"text-align: center;\"><strong>\u201cQue en s\u00f3n, de bonics<\/strong><br \/>\n<strong>per les muntanyes<\/strong><br \/>\n<strong>els peus del missatger de bones noves<\/strong><br \/>\n<strong>que anuncia la pau i el benestar,<\/strong><br \/>\n<strong>que anuncia la salvaci\u00f3,<\/strong><br \/>\n<strong>i diu a la ciutat de Si\u00f3,<\/strong><br \/>\n<strong>\u201cEl teu D\u00e9u ja regna!\u201d Isa\u00efes 52,7<\/strong><\/p>\n<p>La bellesa d&#8217; aquestes paraules d&#8217;Isa\u00efes ens recorda, tamb\u00e9, aquest temps de l&#8217;Advent, en qu\u00e8 esperem l&#8217;anunci de la pau i la bona nova, que portar\u00e0 l&#8217;anunci del naixement de Jes\u00fas.<\/p>\n<p>Hi ha un mat\u00eds important que introdueix el text en relaci\u00f3 amb aquest \u201canunci\u201d i \u00e9s que es tracta de l&#8217;alliberament d&#8217;un poble captiu, en una Babil\u00f2nia que l&#8217;oprimeix i que l&#8217;ha dut al l\u00edmit de la desesperaci\u00f3. El que ens sorpr\u00e8n rau en qu\u00e8, al llarg del text, gaireb\u00e9 no hi ha lloc per a la lamentaci\u00f3 ja que tot l\u2019\u00e8mfasi recau en l&#8217;esperan\u00e7a del futur, a aixecar-se i a caminar lluny de tot all\u00f2 immund que els envolta.<\/p>\n<p>No \u00e9s pas gaire dif\u00edcil d&#8217;establir paral\u00b7lelismes amb la nostra situaci\u00f3 ara i aqu\u00ed; la nostra experi\u00e8ncia recent ens ha posat de manifest que les \u201cBabil\u00f2nies\u201d es reprodueixen en la hist\u00f2ria dels homes. La temptaci\u00f3 en qu\u00e8 caiem \u00e9s la de prioritzar el lament i la queixa, per\u00f2 d&#8217;una manera subtil aquesta actitud ens aparta de la voluntat d&#8217;alliberament, d&#8217;aixecar-se i de canviar el m\u00f3n que ens envolta. \u201cFora, fora, sortiu de Babil\u00f2nia! no toqueu res d&#8217; impur, surtiu-ne purificats&#8230;! v.11, aquest \u00e9s el crit radical del profeta que ens invita a abandonar l&#8217;opressi\u00f3 a la qual est\u00e0 sotmesa el seu poble.<\/p>\n<p>Cada cop \u00e9s m\u00e9s fort un sentiment, \u00e0mpliament compartit per una gran part de la poblaci\u00f3, que cal aixecar-se, actuar i fer-nos protagonistes d&#8217;un canvi que il\u00b7lumini un m\u00f3n totalment diferent.<\/p>\n<p>Ning\u00fa no pot romandre instal\u00b7lat de forma passiva tot acceptant la injust\u00edcia i el manteniment d&#8217;unes estructures de submissi\u00f3. L&#8217;anunci de la Bona Nova, d&#8217;aquest Jes\u00fas que ve al nostre encontre, ha d&#8217;\u00e9sser una invitaci\u00f3 a deixar la lamentaci\u00f3 i la queixa per tal de proclamar i viure els valors del Regne de D\u00e9u.<\/p>\n<p>D&#8217;aix\u00f2 tracta el text que inspirar\u00e0 el lema del nostre S\u00ednode que celebrarem l&#8217;octubre del 2015.<\/p>\n<p>\u201cEl fruit de la just\u00edcia neix de la llavor que han sembrat en esperit de pau els qui treballen per la pau\u201d Jaume,3,18<\/p>\n<p>Es tracta de la voluntat d&#8217;expressar com a Esgl\u00e9sia la voluntat d&#8217;implicar-nos de forma activa en un m\u00f3n que deixi enrere la injust\u00edcia i que faci possible la pau, tot integrant en el nostre pensament i en la nostra acci\u00f3 aquest crit radical del profeta que ens invita a sortir dels camins que no porten sin\u00f3 desolaci\u00f3.<\/p>\n<p>De nou el Nadal ens du una paraula d&#8217;al\u00e8 que ens recorda el sentit de la nostra vida i amb aquesta Paraula, un deure i una esperan\u00e7a irreductible on no hi caben les lamentacions.<\/p>\n<p>\u201cAra no sortireu corrents, no fugireu en desbandada, perqu\u00e8 el Senyor us anir\u00e0 al davant i la vostra rereguarda ser\u00e0 ser\u00e0 el D\u00e9u d&#8217;Israel\u201d Isa\u00efes 52,12<\/p>\n<p><a href=\"http:\/\/eec.cat\/blog\/wp-content\/uploads\/2014\/12\/joel-cort\u00e9s.jpg\"><img loading=\"lazy\" decoding=\"async\" class=\"alignleft size-thumbnail wp-image-929\" src=\"http:\/\/eec.cat\/blog\/wp-content\/uploads\/2014\/12\/joel-cort\u00e9s-150x150.jpg\" alt=\"joel cort\u00e9s\" width=\"150\" height=\"150\" \/><\/a><\/p>\n<p>&nbsp;<\/p>\n<p>&nbsp;<\/p>\n<p>&nbsp;<\/p>\n<p>&nbsp;<\/p>\n<p>&nbsp;<\/p>\n<p><strong>Joel Cort\u00e9s<\/strong><\/p>\n","protected":false},"excerpt":{"rendered":"<p>\u201cQue en s\u00f3n, de bonics per les muntanyes els peus del missatger de bones noves que anuncia la pau i el benestar, que anuncia la salvaci\u00f3, i diu a la ciutat de Si\u00f3, \u201cEl teu D\u00e9u ja regna!\u201d Isa\u00efes 52,7 La bellesa d&#8217; aquestes paraules d&#8217;Isa\u00efes ens recorda, tamb\u00e9, aquest temps de l&#8217;Advent, en qu\u00e8 [&hellip;]<\/p>\n","protected":false},"author":1,"featured_media":0,"comment_status":"open","ping_status":"open","sticky":false,"template":"","format":"standard","meta":{"_jetpack_memberships_contains_paid_content":false,"footnotes":""},"categories":[6],"tags":[],"class_list":["post-928","post","type-post","status-publish","format-standard","hentry","category-reflexions"],"jetpack_sharing_enabled":true,"jetpack_featured_media_url":"","_links":{"self":[{"href":"https:\/\/eec.cat\/blog\/wp-json\/wp\/v2\/posts\/928","targetHints":{"allow":["GET"]}}],"collection":[{"href":"https:\/\/eec.cat\/blog\/wp-json\/wp\/v2\/posts"}],"about":[{"href":"https:\/\/eec.cat\/blog\/wp-json\/wp\/v2\/types\/post"}],"author":[{"embeddable":true,"href":"https:\/\/eec.cat\/blog\/wp-json\/wp\/v2\/users\/1"}],"replies":[{"embeddable":true,"href":"https:\/\/eec.cat\/blog\/wp-json\/wp\/v2\/comments?post=928"}],"version-history":[{"count":0,"href":"https:\/\/eec.cat\/blog\/wp-json\/wp\/v2\/posts\/928\/revisions"}],"wp:attachment":[{"href":"https:\/\/eec.cat\/blog\/wp-json\/wp\/v2\/media?parent=928"}],"wp:term":[{"taxonomy":"category","embeddable":true,"href":"https:\/\/eec.cat\/blog\/wp-json\/wp\/v2\/categories?post=928"},{"taxonomy":"post_tag","embeddable":true,"href":"https:\/\/eec.cat\/blog\/wp-json\/wp\/v2\/tags?post=928"}],"curies":[{"name":"wp","href":"https:\/\/api.w.org\/{rel}","templated":true}]}}