{"id":866,"date":"2014-10-31T11:23:48","date_gmt":"2014-10-31T11:23:48","guid":{"rendered":"http:\/\/eec.cat\/blog\/?p=866"},"modified":"2014-10-31T11:23:48","modified_gmt":"2014-10-31T11:23:48","slug":"albricias-un-dels-llegats-desconeguts-del-protestantisme","status":"publish","type":"post","link":"https:\/\/eec.cat\/blog\/albricias-un-dels-llegats-desconeguts-del-protestantisme\/","title":{"rendered":"Albricias, un dels llegats desconeguts del protestantisme"},"content":{"rendered":"<p><em><img loading=\"lazy\" decoding=\"async\" class=\"alignleft size-medium wp-image-867\" src=\"http:\/\/eec.cat\/blog\/wp-content\/uploads\/2014\/10\/franklin_albricias-300x174.jpg\" alt=\"franklin albricias\" width=\"300\" height=\"174\" srcset=\"https:\/\/eec.cat\/blog\/wp-content\/uploads\/2014\/10\/franklin_albricias-300x174.jpg 300w, https:\/\/eec.cat\/blog\/wp-content\/uploads\/2014\/10\/franklin_albricias.jpg 550w\" sizes=\"auto, (max-width: 300px) 100vw, 300px\" \/>(Font: David Casals \u2013<a title=\"Catalunya Religi\u00f3\" href=\"http:\/\/www.catalunyareligio.cat\/articles\/63783\" target=\"_blank\">Catalunya Religi\u00f3<\/a>)<\/em> El 31 d&#8217;octubre \u00e9s una jornada assenyalada per a moltes esgl\u00e9sies protestants i Evang\u00e8liques perqu\u00e8 es considera que tal dia com avui de 1517 van comen\u00e7ar a caminar.<\/p>\n<p>A <em>CatalunyaReligi\u00f3.cat<\/em> ens sumem a la celebraci\u00f3 tot apropant-nos a la hist\u00f2ria de dos personalitats protestants dels Pa\u00efsos Catalans amb un llegat que encara continua i que, malgrat tot, continuen sent uns grans desconeguts, fins i tot per a moltes persones interessades en la diversitat religiosa.<\/p>\n<p>S\u00f3n la fam\u00edlia Albricias, i ens hi aproximem amb una de les seves descendents, Gl\u00f2ria Castell, que durant molts anys ha format part de la Comissi\u00f3 Permanent de l&#8217;Esgl\u00e9sia Evang\u00e8lica Espanyola\u00a0i que \u00e9s membre d&#8217;una de les comunitats evang\u00e8liques m\u00e9s antigues de Catalunya: l&#8217;<a href=\"http:\/\/www.esglesiatallers.org\/\" target=\"_blank\">Esgl\u00e9sia Protestant de Barcelona Centre<\/a>, que forma part de l&#8217;<a href=\"http:\/\/www.eec.cat\/\" target=\"_blank\">Esgl\u00e9sia Evang\u00e8lica de Catalunya<\/a>.<\/p>\n<p>Gl\u00f2ria Castell i la seva germana, la L\u00eddia, s\u00f3n besn\u00e9tes de <a href=\"http:\/\/es.wikipedia.org\/wiki\/Franklin_Albricias\" target=\"_blank\">Franklin Albricias<\/a>: despr\u00e9s d&#8217;anys d&#8217;oblit, finalment la ciutat d&#8217;Alacant va inaugurar abans de l&#8217;estiu un mon\u00f2lit en record a la seva figura, amb un bust, on elles van assistir-hi, juntament amb el president de la comissi\u00f3 permanent l&#8217;<a href=\"http:\/\/iee-es.org\/\" target=\"_blank\">Esgl\u00e9sia Evang\u00e8lica Espanyola<\/a>, el catal\u00e0<strong>\u00a0Joel Cort\u00e9s<\/strong>.<\/p>\n<p>Francisco Albricias i el seu fill Franklin s\u00f3n dues personalitats per entendre la hist\u00f2ria del protestantisme dels Pa\u00efsos Catalans. Ells no es van limitar \u00fanicament a fundar i consolidar l&#8217;obra protestant als llocs on van residir (Rub\u00ed, Alacant), sin\u00f3 que van portar a finals del segle XIX la modernitzaci\u00f3 en els territoris on van viure.<\/p>\n<p>Francisco Albricias es va instal\u00b7lar a Rub\u00ed, una ciutat molt liberal per l&#8217;\u00e8poca, a finals del segle XIX i l&#8217;any 1881 fund\u00e0 una esgl\u00e9sia protestant, que encara segueix en actiu, i unes escoles evang\u00e8liques, clausurades al 1939, despr\u00e9s de l&#8217;arribada de les tropes franquistes a la Guerra Civil.<\/p>\n<p>A m\u00e9s, va fundar un peri\u00f2dic local, un ateneu per als republicans i ciutadans d&#8217;esquerres (el Centre Democr\u00e0tic Republic\u00e0, clausurat tamb\u00e9 l&#8217;any 1939), una l\u00f2gia mass\u00f2nica i una m\u00fatua de socors per als obrers.<\/p>\n<p>Fou desterrat de Rub\u00ed, per negar-se a agenollar-se en una process\u00f3 cat\u00f2lica, i continu\u00e0 la seva tasca a Alacant, seguint les recomanacions m\u00e8diques, que li aconsellaven un clima temperat, despr\u00e9s d&#8217;haver perdut dos dels seus fills. on fund\u00e0 al 1897 la instituci\u00f3 educativa m\u00e9s emblem\u00e0tica fins abans de la Guerra Civil: l&#8217;<a href=\"http:\/\/www.libreriaevangelicalogos.com\/ediciones\/escuela_modelo_extrac.pdf\" target=\"_blank\">Escuela Modelo<\/a>. Tamb\u00e9 va col\u00b7laborar amb la comunitat protestant d&#8217;Alacant, de la que en fou pastor, que avui segueix activa, i va fundar v\u00e0ries publicacions.<\/p>\n<p>A l&#8217;Escuela Modelo va estudiar el seu fill Franklin, on a m\u00e9s de ser professor i pastor, fou dirigent de la Lliga dels Drets de l&#8217;Home, directiu de l&#8217;Ateneu Cient\u00edfic, Literari i Art\u00edstic de la ciutat, va ingressar en el Partit Radical Socialista al 1930 i fou president de la Diputaci\u00f3 provincial entre 1931 i 1934. A m\u00e9s, va fundar un club de futbol a Albacete, dissolt tamb\u00e9 el 1939.<\/p>\n<p>Castell, com a descendent d&#8217;aquest model d&#8217;Esgl\u00e9sia, que pret\u00e9n contribuir a millorar a la societat i a transformar-la perqu\u00e8 sigui m\u00e9s justa, diu que de petita, quan encara hi havia la dictadura franquista, era molt conscient que el m\u00f3n era molt diferent fora de la seva esgl\u00e9sia del carrer Tallers. \u201cNosaltres f\u00e8iem assemblees cada any, ten\u00edem un funcionament democr\u00e0tic, que no el veia enlloc m\u00e9s\u201d, ha explicat a <em>CatalunyaReligi\u00f3.cat<\/em>.<\/p>\n<p><strong>El dia de la Reforma<\/strong><\/p>\n<p>Cada any el dia 31 d&#8217;octubre moltes esgl\u00e9sies protestants de tot el m\u00f3n celebren el Dia de la Reforma: es tracta del moment en qu\u00e8 comen\u00e7a la hist\u00f2ria del protestantisme, quan tal dia com avui de 1517, el llavors frare cat\u00f2lic Mart\u00ed Luter penja les 95 tesis a la porta de l&#8217;esgl\u00e9sia del palau de Wittenberg (Alemanya), on denunciava que la jerarquia cat\u00f2lica comerciava amb indulg\u00e8ncies.<\/p>\n<p>Aquest fet va canviar el m\u00f3n. L&#8217;Esgl\u00e9sia Cat\u00f2lica perdia el monopoli de les creences a l&#8217;Europa Occidental, tot i que fruit de la Inquisici\u00f3, a Catalunya no van quallar les idees protestants.<br \/>\n\u00c9s necessari esperar a finals del segle XIX perqu\u00e8 comencin a treballar missions protestants, a Barcelona i a altres ciutats com Terrassa, Reus, Sabadell, Rub\u00ed i Lleida, entre altres.<\/p>\n<p><em>[Fotografia: cedida per Gl\u00f2ria Castell]<\/em><\/p>\n","protected":false},"excerpt":{"rendered":"<p>(Font: David Casals \u2013Catalunya Religi\u00f3) El 31 d&#8217;octubre \u00e9s una jornada assenyalada per a moltes esgl\u00e9sies protestants i Evang\u00e8liques perqu\u00e8 es considera que tal dia com avui de 1517 van comen\u00e7ar a caminar. A CatalunyaReligi\u00f3.cat ens sumem a la celebraci\u00f3 tot apropant-nos a la hist\u00f2ria de dos personalitats protestants dels Pa\u00efsos Catalans amb un llegat [&hellip;]<\/p>\n","protected":false},"author":1,"featured_media":0,"comment_status":"open","ping_status":"open","sticky":false,"template":"","format":"standard","meta":{"_jetpack_memberships_contains_paid_content":false,"footnotes":""},"categories":[4],"tags":[46,47],"class_list":["post-866","post","type-post","status-publish","format-standard","hentry","category-noticies","tag-albricias","tag-reforma-protestant"],"jetpack_sharing_enabled":true,"jetpack_featured_media_url":"","_links":{"self":[{"href":"https:\/\/eec.cat\/blog\/wp-json\/wp\/v2\/posts\/866","targetHints":{"allow":["GET"]}}],"collection":[{"href":"https:\/\/eec.cat\/blog\/wp-json\/wp\/v2\/posts"}],"about":[{"href":"https:\/\/eec.cat\/blog\/wp-json\/wp\/v2\/types\/post"}],"author":[{"embeddable":true,"href":"https:\/\/eec.cat\/blog\/wp-json\/wp\/v2\/users\/1"}],"replies":[{"embeddable":true,"href":"https:\/\/eec.cat\/blog\/wp-json\/wp\/v2\/comments?post=866"}],"version-history":[{"count":0,"href":"https:\/\/eec.cat\/blog\/wp-json\/wp\/v2\/posts\/866\/revisions"}],"wp:attachment":[{"href":"https:\/\/eec.cat\/blog\/wp-json\/wp\/v2\/media?parent=866"}],"wp:term":[{"taxonomy":"category","embeddable":true,"href":"https:\/\/eec.cat\/blog\/wp-json\/wp\/v2\/categories?post=866"},{"taxonomy":"post_tag","embeddable":true,"href":"https:\/\/eec.cat\/blog\/wp-json\/wp\/v2\/tags?post=866"}],"curies":[{"name":"wp","href":"https:\/\/api.w.org\/{rel}","templated":true}]}}