{"id":863,"date":"2014-10-28T10:49:11","date_gmt":"2014-10-28T10:49:11","guid":{"rendered":"http:\/\/eec.cat\/blog\/?p=863"},"modified":"2014-10-28T10:49:11","modified_gmt":"2014-10-28T10:49:11","slug":"origens-del-protestantisme-als-paisos-de-parla-catalana","status":"publish","type":"post","link":"https:\/\/eec.cat\/blog\/origens-del-protestantisme-als-paisos-de-parla-catalana\/","title":{"rendered":"Or\u00edgens del protestantisme als pa\u00efsos de parla catalana"},"content":{"rendered":"<p><a href=\"http:\/\/eec.cat\/blog\/wp-content\/uploads\/2014\/10\/carod-rubi.jpg\"><img loading=\"lazy\" decoding=\"async\" class=\"aligncenter size-large wp-image-864\" src=\"http:\/\/eec.cat\/blog\/wp-content\/uploads\/2014\/10\/carod-rubi-1024x640.jpg\" alt=\"carod rubi\" width=\"1024\" height=\"640\" srcset=\"https:\/\/eec.cat\/blog\/wp-content\/uploads\/2014\/10\/carod-rubi-1024x640.jpg 1024w, https:\/\/eec.cat\/blog\/wp-content\/uploads\/2014\/10\/carod-rubi-300x187.jpg 300w, https:\/\/eec.cat\/blog\/wp-content\/uploads\/2014\/10\/carod-rubi.jpg 1152w\" sizes=\"auto, (max-width: 1024px) 100vw, 1024px\" \/><\/a><\/p>\n<p>En el marc de la reobertura del F\u00f2rum Joan Vall\u00e8s a la Primera Esgl\u00e9sia Protestant a Rub\u00ed, que forma part de l\u2019Esgl\u00e9sia Evang\u00e8lica de Catalunya (EEC), en Josep Llu\u00eds Carod-Rovira va pronunciar una conferencia sobre els or\u00edgens del protestantisme als pa\u00efsos de parla catalana. Es va centrar en el segle XVI, tot i que va fer menci\u00f3 a moments de la hist\u00f2ria del protestantisme catal\u00e0 m\u00e9s recent.<\/p>\n<p>En Josep Llu\u00eds Carod-Rovira \u00e9s director executiu de la c\u00e0tedra Div\u00e8rsia, vinculada a la Universitat Pompeu Fabra. Els seus objectius s\u00f3n realitzar una an\u00e0lisi de la societat global, analitzar la gesti\u00f3 de la diversitat i promoure la seva protecci\u00f3. Una de les seccions d\u2019aquesta c\u00e0tedra est\u00e0 dedicada a l\u2019estudi de la diversitat religiosa a Catalunya i que ell personalment coordina.<\/p>\n<p>L\u2019aflu\u00e8ncia a l\u2019acte fou considerable, ja que tant el tema com el conferenciant van ocasionar atracci\u00f3 entre membres d\u2019altres comunitats de protestants, per\u00f2 tamb\u00e9 de gent de la ciutat de Rub\u00ed.<\/p>\n<p>En Carod-Rovira ens va recordar que a casa nostra existeix certa ignor\u00e0ncia amb respecte el protestantisme i que es concep com un fenomen propi de la immigraci\u00f3 llatinoamericana. Per\u00f2 res m\u00e9s lluny. La pres\u00e8ncia de la Reforma a terres catalanes es remunta al segle XVI, a anys posteriors a aquell 1517 quan el monjo agust\u00ed Mart\u00ed Luter va clavar les famoses 95 tesis a l\u2019esgl\u00e9sia de Wittenberg. El conferenciant va fer una repassada per la hist\u00f2ria general del protestantisme europeu per despr\u00e9s centrar-se a l\u2019arribada a Catalunya.<\/p>\n<p>El protestantisme, que defensa la fe com una elecci\u00f3 personal, es tenir for\u00e7a arrelada als nuclis urbans, especialment a les grans ciutats. Donat que Catalunya ha estat sempre una terra de frontera, les vies de penetraci\u00f3 del protestantisme van estar molt lligades a la immigraci\u00f3 occitana, al comer\u00e7 per mar i per terra; per\u00f2 tamb\u00e9 per fen\u00f2mens socials com el bandolerisme. Les institucions pol\u00edtiques del segle XVI sovint identificaven els bandolers com \u201cluterans\u201d i \u201chugonots\u201d i, fins i tot, un dels bandolers m\u00e9s famosos d\u2019aquells anys es feia dir \u201cLo luter\u00e0\u201d. A m\u00e9s, es van destacar alguns intel\u00b7lectuals catalans que es van afegir a la causa protestant, com va ser el cas de Pere Gal\u00e9s.<\/p>\n<p>Per\u00f2 tot i aix\u00f2, \u00e9s remarcable que la pres\u00e8ncia protestant als pa\u00efsos de parla catalana no va tenir l\u2019arrelada generalitzada que s\u00ed es va experimentar al nord d\u2019Europa. El tarann\u00e0 mediterrani i la religiositat popular, de caire molt m\u00e9s col\u00b7lectius, la repressi\u00f3 de la Inquisici\u00f3, l\u2019exist\u00e8ncia d\u2019una esgl\u00e9sia cat\u00f2lica no tant corrupte com l\u2019alemanya o el retard en la publicaci\u00f3 de llibres de teologia protestant van contribuir a que a Catalunya qued\u00e9s al marge de la implantaci\u00f3 del protestantisme de manera m\u00e9s o menys generalitzada.<\/p>\n<p>En definitiva, en Josep Llu\u00eds Carod-Rovira va dur a terme una confer\u00e8ncia amb una senzillesa evident i amb un discurs divulgatiu per tal que tothom el pogu\u00e9s seguir i entendre. Aix\u00f2 va comportar que la gran aflu\u00e8ncia a l\u2019acte en sort\u00eds amb unes nocions m\u00e9s aprofundides sobre els or\u00edgens del protestantisme als pa\u00efsos de parla catalana.<\/p>\n<p>Isaac Garcia-Oses<\/p>\n","protected":false},"excerpt":{"rendered":"<p>En el marc de la reobertura del F\u00f2rum Joan Vall\u00e8s a la Primera Esgl\u00e9sia Protestant a Rub\u00ed, que forma part de l\u2019Esgl\u00e9sia Evang\u00e8lica de Catalunya (EEC), en Josep Llu\u00eds Carod-Rovira va pronunciar una conferencia sobre els or\u00edgens del protestantisme als pa\u00efsos de parla catalana. Es va centrar en el segle XVI, tot i que va [&hellip;]<\/p>\n","protected":false},"author":1,"featured_media":0,"comment_status":"open","ping_status":"open","sticky":false,"template":"","format":"standard","meta":{"_jetpack_memberships_contains_paid_content":false,"footnotes":""},"categories":[1],"tags":[],"class_list":["post-863","post","type-post","status-publish","format-standard","hentry","category-general"],"jetpack_sharing_enabled":true,"jetpack_featured_media_url":"","_links":{"self":[{"href":"https:\/\/eec.cat\/blog\/wp-json\/wp\/v2\/posts\/863","targetHints":{"allow":["GET"]}}],"collection":[{"href":"https:\/\/eec.cat\/blog\/wp-json\/wp\/v2\/posts"}],"about":[{"href":"https:\/\/eec.cat\/blog\/wp-json\/wp\/v2\/types\/post"}],"author":[{"embeddable":true,"href":"https:\/\/eec.cat\/blog\/wp-json\/wp\/v2\/users\/1"}],"replies":[{"embeddable":true,"href":"https:\/\/eec.cat\/blog\/wp-json\/wp\/v2\/comments?post=863"}],"version-history":[{"count":0,"href":"https:\/\/eec.cat\/blog\/wp-json\/wp\/v2\/posts\/863\/revisions"}],"wp:attachment":[{"href":"https:\/\/eec.cat\/blog\/wp-json\/wp\/v2\/media?parent=863"}],"wp:term":[{"taxonomy":"category","embeddable":true,"href":"https:\/\/eec.cat\/blog\/wp-json\/wp\/v2\/categories?post=863"},{"taxonomy":"post_tag","embeddable":true,"href":"https:\/\/eec.cat\/blog\/wp-json\/wp\/v2\/tags?post=863"}],"curies":[{"name":"wp","href":"https:\/\/api.w.org\/{rel}","templated":true}]}}