{"id":860,"date":"2014-10-27T01:00:53","date_gmt":"2014-10-27T01:00:53","guid":{"rendered":"http:\/\/eec.cat\/blog\/?p=860"},"modified":"2014-10-26T16:52:15","modified_gmt":"2014-10-26T16:52:15","slug":"dia-dia-27-doctubre-2-de-novembre-2014","status":"publish","type":"post","link":"https:\/\/eec.cat\/blog\/dia-dia-27-doctubre-2-de-novembre-2014\/","title":{"rendered":"Dia a Dia. 27 d\u00b4octubre &#8211; 2 de novembre 2014"},"content":{"rendered":"<p><strong><span style=\"text-decoration: underline;\"><span style=\"color: #0000ff; text-decoration: underline;\"><a href=\"http:\/\/eec.cat\/blog\/wp-content\/uploads\/2013\/09\/palmeras.jpg\"><img loading=\"lazy\" decoding=\"async\" class=\"alignleft size-thumbnail wp-image-286\" src=\"http:\/\/eec.cat\/blog\/wp-content\/uploads\/2013\/09\/palmeras-150x150.jpg\" alt=\"palmeras\" width=\"150\" height=\"150\" \/><\/a>Dilluns, 27 d\u2019octubre<\/span><\/span><\/strong><\/p>\n<p>2 Corintis 4, 16-18<\/p>\n<p>La mirada de l\u2019ap\u00f2stol d\u00f3na la volta a la l\u00f2gica humana, aquesta predica que els patiments van acumulant en la nostra vida el cansament, la frustraci\u00f3 o la desesperaci\u00f3, per ell cada sofriment que patim per l\u2019obra de D\u00e9u ens ofereix m\u00e9s gl\u00f2ria. La nostra mirada ha d\u2019estar posada en all\u00f2 que \u00e9s etern: l\u2019amor i la miseric\u00f2rdia de D\u00e9u.<\/p>\n<p><strong><span style=\"text-decoration: underline;\"><span style=\"color: #0000ff; text-decoration: underline;\">Dimarts, 28 d\u2019octubre<\/span><\/span><\/strong><\/p>\n<p>2 Corintis 5, 16-21<\/p>\n<p>Si les nostres passes ens allunyen de D\u00e9u, Ell ve a buscar-nos. Si la nostra saviesa ens fa pecar, Ell ve a perdonar-nos. En Crist, D\u00e9u vol reconciliar-se amb totes i tots, manifestant la seva just\u00edcia, la definitiva intervenci\u00f3 entre nosaltres, per obrir una porta cap a Ell, que ja no es tancar\u00e0 mai.<\/p>\n<p><strong><span style=\"text-decoration: underline;\"><span style=\"color: #0000ff; text-decoration: underline;\">Dimecres, 29 d\u2019octubre<\/span><\/span><\/strong><\/p>\n<p>G\u00e0lates 2, 19-21<\/p>\n<p>La renuncia total de les nostres vides per deixar-nos revertir del Crist \u00e9s, potser, el que m\u00e9s ens costa. Per\u00f2 a la fi, all\u00f2 que ens espera en la renuncia \u00e9s trobar la veritable vida, la veritable humanitat que hav\u00edem perdut al allunyar-nos de D\u00e9u. Per al fe abracem aquesta confian\u00e7a, que per amor D\u00e9u ens ha guanyat.<\/p>\n<p><strong><span style=\"text-decoration: underline;\"><span style=\"color: #0000ff; text-decoration: underline;\">Dijous, 30 d\u2019octubre<\/span><\/span><\/strong><\/p>\n<p>G\u00e0lates 3, 23-39<\/p>\n<p>En Crist hem de superar totes les barreres que ens separen els uns del altres, no hi ha \u00e8tnia, ni g\u00e8nere, ni condici\u00f3 social que ens pugui unir m\u00e9s que el fet de que totes i tots hem estat revestits del Crist, en Ell ens unim a D\u00e9u i els uns a les altres.<\/p>\n<p><strong><span style=\"text-decoration: underline;\"><span style=\"color: #0000ff; text-decoration: underline;\">Divendres, 31 d\u2019octubre<\/span><\/span><\/strong><\/p>\n<p>G\u00e0lates 5, 13-15<\/p>\n<p>La saviesa de D\u00e9u tergiversa el sentit de les nostres paraules convertint la llibertat en servei mutu per amor. Hem sigut fets lliures per estimar plenament, perqu\u00e8 Crist ha trencat les cadenes del nostre egoisme oferint-se Ell mateix per nosaltres.<\/p>\n<p><strong><span style=\"text-decoration: underline;\"><span style=\"color: #0000ff; text-decoration: underline;\">Dissabte, 1 de novembre<\/span><\/span><\/strong><\/p>\n<p>G\u00e0lates 5, 19-25<\/p>\n<p>All\u00f2 de bo que hi ha en nosaltres prov\u00e9 de l\u2019Esperit, en ell ens hem de construir com a veritables \u00e9ssers humans, per poder allunyar del nostre comportament all\u00f2 que fa mal als altres. En la comuni\u00f3 amb l\u2019Esperit de D\u00e9u \u00e9s com hem de viure.<\/p>\n<p><strong><span style=\"text-decoration: underline;\"><span style=\"color: #0000ff; text-decoration: underline;\">Diumenge, 2 de novembre<\/span><\/span><\/strong><\/p>\n<p>G\u00e0lates 6, 1-5<\/p>\n<p>Els uns estem lligats a les altres i les unes hem exhortar els altres, per\u00f2 tot des de l\u2019amor no fingit, que no judica sin\u00f3 que vol reconstruir vides, perqu\u00e8 a la fi tots i totes errem, ens equivoquem i no pot haver-hi en nosaltres altre motiu de gl\u00f2ria que no sigui all\u00f2 que D\u00e9u va transformant dia a dia.<\/p>\n","protected":false},"excerpt":{"rendered":"<p>Dilluns, 27 d\u2019octubre 2 Corintis 4, 16-18 La mirada de l\u2019ap\u00f2stol d\u00f3na la volta a la l\u00f2gica humana, aquesta predica que els patiments van acumulant en la nostra vida el cansament, la frustraci\u00f3 o la desesperaci\u00f3, per ell cada sofriment que patim per l\u2019obra de D\u00e9u ens ofereix m\u00e9s gl\u00f2ria. La nostra mirada ha d\u2019estar [&hellip;]<\/p>\n","protected":false},"author":1,"featured_media":0,"comment_status":"open","ping_status":"open","sticky":false,"template":"","format":"standard","meta":{"_jetpack_memberships_contains_paid_content":false,"footnotes":""},"categories":[7],"tags":[],"class_list":["post-860","post","type-post","status-publish","format-standard","hentry","category-meditacions-diaries"],"jetpack_featured_media_url":"","jetpack_sharing_enabled":true,"_links":{"self":[{"href":"https:\/\/eec.cat\/blog\/wp-json\/wp\/v2\/posts\/860","targetHints":{"allow":["GET"]}}],"collection":[{"href":"https:\/\/eec.cat\/blog\/wp-json\/wp\/v2\/posts"}],"about":[{"href":"https:\/\/eec.cat\/blog\/wp-json\/wp\/v2\/types\/post"}],"author":[{"embeddable":true,"href":"https:\/\/eec.cat\/blog\/wp-json\/wp\/v2\/users\/1"}],"replies":[{"embeddable":true,"href":"https:\/\/eec.cat\/blog\/wp-json\/wp\/v2\/comments?post=860"}],"version-history":[{"count":0,"href":"https:\/\/eec.cat\/blog\/wp-json\/wp\/v2\/posts\/860\/revisions"}],"wp:attachment":[{"href":"https:\/\/eec.cat\/blog\/wp-json\/wp\/v2\/media?parent=860"}],"wp:term":[{"taxonomy":"category","embeddable":true,"href":"https:\/\/eec.cat\/blog\/wp-json\/wp\/v2\/categories?post=860"},{"taxonomy":"post_tag","embeddable":true,"href":"https:\/\/eec.cat\/blog\/wp-json\/wp\/v2\/tags?post=860"}],"curies":[{"name":"wp","href":"https:\/\/api.w.org\/{rel}","templated":true}]}}