{"id":856,"date":"2014-10-20T08:26:53","date_gmt":"2014-10-20T08:26:53","guid":{"rendered":"http:\/\/eec.cat\/blog\/?p=856"},"modified":"2014-10-20T08:27:21","modified_gmt":"2014-10-20T08:27:21","slug":"dia-dia-20-doctubre-26-doctubre-2014","status":"publish","type":"post","link":"https:\/\/eec.cat\/blog\/dia-dia-20-doctubre-26-doctubre-2014\/","title":{"rendered":"Dia a Dia. 20 d\u00b4octubre &#8211; 26 d\u00b4octubre 2014"},"content":{"rendered":"<p><strong><span style=\"text-decoration: underline;\"><span style=\"color: #0000ff; text-decoration: underline;\"><a href=\"http:\/\/eec.cat\/blog\/wp-content\/uploads\/2013\/08\/dosrius-e1376303192331.jpg\"><img loading=\"lazy\" decoding=\"async\" class=\"alignleft size-thumbnail wp-image-236\" src=\"http:\/\/eec.cat\/blog\/wp-content\/uploads\/2013\/08\/dosrius-150x150.jpg\" alt=\"dosrius\" width=\"150\" height=\"150\" \/><\/a>Dilluns, 20 d\u2019octubre<\/span><\/span><\/strong><\/p>\n<p>1 Corintis 4, 7-13<\/p>\n<p>En el cam\u00ed de la construcci\u00f3 del poble de D\u00e9u ens sentim, moltes vegades, menyspreats o acusats pels altres, aquesta tamb\u00e9 va ser l\u2019experi\u00e8ncia de l\u2019ap\u00f2stol. Per\u00f2 aix\u00f2 no ha de canviar la nostra manera de fer, hem de seguir guiant-nos per la saviesa de D\u00e9u. Recordem sempre que all\u00f2 que som o tenim \u00e9s per gr\u00e0cia de D\u00e9u.<\/p>\n<p><strong><span style=\"text-decoration: underline;\"><span style=\"color: #0000ff; text-decoration: underline;\">Dimarts, 21 d\u2019octubre<\/span><\/span><\/strong><\/p>\n<p>1 Corintis 5, 6-8<\/p>\n<p>\u00c9s en Crist que hem de transformar les nostres vides, per a seguir els seus camins hem de deixar enrere tot all\u00f2 de l\u00f2gica i saviesa humana, per abra\u00e7ar la nova vida que se\u2019ns ha ofert en la Pasqua del Senyor. No ens conformem a all\u00f2 que som, sin\u00f3 transformem-nos en el seu exemple.<\/p>\n<p><strong><span style=\"text-decoration: underline;\"><span style=\"color: #0000ff; text-decoration: underline;\">Dimecres, 22 d\u2019octubre<\/span><\/span><\/strong><\/p>\n<p>1 Corintis 12, 1-11<\/p>\n<p>La construcci\u00f3 de la comunitat del poble de D\u00e9u es fa des de l\u2019oferir-nos plenament als altres en les nostres capacitats. Som molts i som diferents, per\u00f2 \u00e9s en aquesta diversitat que manifestem la nostra unitat. Perqu\u00e8 igual que som molts som un en D\u00e9u, perqu\u00e8 tenim el seu Esperit.<\/p>\n<p><strong><span style=\"text-decoration: underline;\"><span style=\"color: #0000ff; text-decoration: underline;\">Dijous, 23 d\u2019octubre<\/span><\/span><\/strong><\/p>\n<p>1 Corintis 13<\/p>\n<p>Tot all\u00f2 que som, tot all\u00f2 que tenim ho hem rebut de D\u00e9u, tamb\u00e9 l\u2019amor, i per aix\u00f2 estimem, perqu\u00e8 hem sigut estimats. Tota la nostra vida ha d\u2019estar guiada per l\u2019amor que D\u00e9u ens ha ofert i que nosaltres hem de donar, aquest \u00e9s el m\u00e9s important dels manaments.<\/p>\n<p><strong><span style=\"text-decoration: underline;\"><span style=\"color: #0000ff; text-decoration: underline;\">Divendres, 24 d\u2019octubre<\/span><\/span><\/strong><\/p>\n<p>1 Corintis 16, 13-14<\/p>\n<p>Hem de tindre coratge per a renunciar a la saviesa del m\u00f3n i abra\u00e7ar la que ve de D\u00e9u; hem de ser ferms en el missatge que hem cregut, i vetllar en el coneixement del Senyor. I tot presidit per l\u2019amor, all\u00f2 que pesem i fem, conscients de que \u00e9s en la nostra debilitat que D\u00e9u creix.<\/p>\n<p><strong><span style=\"text-decoration: underline;\"><span style=\"color: #0000ff; text-decoration: underline;\">Dissabte, 25 d\u2019octubre<\/span><\/span><\/strong><\/p>\n<p>2 Corintis 1, 3-7<\/p>\n<p>\u00c9s en el patiment que trobem consol, i \u00e9s en el dolor on podem ser abra\u00e7ats. Compartir la vida dels altres \u00e9s oferir-nos per partir amb ells, alhora que aix\u00f2 ens ofereix tamb\u00e9 alegrar-nos en la seva salvaci\u00f3. Preguem per aquells i aquelles que pateixen i fem-nos part\u00edcips del seu dolor, perqu\u00e8 totes i tots som un en D\u00e9u.<\/p>\n<p><strong><span style=\"text-decoration: underline;\"><span style=\"color: #0000ff; text-decoration: underline;\">Diumenge, 26 d\u2019octubre<\/span><\/span><\/strong><\/p>\n<p>2 Corintis 3, 4-8<\/p>\n<p>No hem sigut abandonats de D\u00e9u, Ell no solament ens va cridar per formar el seu poble, sin\u00f3 que ens va capacitar per poder viure en el seu Regne. A trav\u00e9s de l\u2019Esperit hem rebut els dons necessaris per la missi\u00f3 a la que som enviats. \u00c9s en l\u2019Esperit que tenim la for\u00e7a per viure la nova vida.<\/p>\n","protected":false},"excerpt":{"rendered":"<p>Dilluns, 20 d\u2019octubre 1 Corintis 4, 7-13 En el cam\u00ed de la construcci\u00f3 del poble de D\u00e9u ens sentim, moltes vegades, menyspreats o acusats pels altres, aquesta tamb\u00e9 va ser l\u2019experi\u00e8ncia de l\u2019ap\u00f2stol. Per\u00f2 aix\u00f2 no ha de canviar la nostra manera de fer, hem de seguir guiant-nos per la saviesa de D\u00e9u. Recordem sempre [&hellip;]<\/p>\n","protected":false},"author":1,"featured_media":0,"comment_status":"open","ping_status":"open","sticky":false,"template":"","format":"standard","meta":{"_jetpack_memberships_contains_paid_content":false,"footnotes":""},"categories":[7],"tags":[],"class_list":["post-856","post","type-post","status-publish","format-standard","hentry","category-meditacions-diaries"],"jetpack_sharing_enabled":true,"jetpack_featured_media_url":"","_links":{"self":[{"href":"https:\/\/eec.cat\/blog\/wp-json\/wp\/v2\/posts\/856","targetHints":{"allow":["GET"]}}],"collection":[{"href":"https:\/\/eec.cat\/blog\/wp-json\/wp\/v2\/posts"}],"about":[{"href":"https:\/\/eec.cat\/blog\/wp-json\/wp\/v2\/types\/post"}],"author":[{"embeddable":true,"href":"https:\/\/eec.cat\/blog\/wp-json\/wp\/v2\/users\/1"}],"replies":[{"embeddable":true,"href":"https:\/\/eec.cat\/blog\/wp-json\/wp\/v2\/comments?post=856"}],"version-history":[{"count":0,"href":"https:\/\/eec.cat\/blog\/wp-json\/wp\/v2\/posts\/856\/revisions"}],"wp:attachment":[{"href":"https:\/\/eec.cat\/blog\/wp-json\/wp\/v2\/media?parent=856"}],"wp:term":[{"taxonomy":"category","embeddable":true,"href":"https:\/\/eec.cat\/blog\/wp-json\/wp\/v2\/categories?post=856"},{"taxonomy":"post_tag","embeddable":true,"href":"https:\/\/eec.cat\/blog\/wp-json\/wp\/v2\/tags?post=856"}],"curies":[{"name":"wp","href":"https:\/\/api.w.org\/{rel}","templated":true}]}}