{"id":844,"date":"2014-10-19T05:12:22","date_gmt":"2014-10-19T05:12:22","guid":{"rendered":"http:\/\/eec.cat\/blog\/?p=844"},"modified":"2014-10-24T15:53:12","modified_gmt":"2014-10-24T15:53:12","slug":"davant-del-moment-politic-que-viu-catalunya","status":"publish","type":"post","link":"https:\/\/eec.cat\/blog\/davant-del-moment-politic-que-viu-catalunya\/","title":{"rendered":"Davant del moment pol\u00edtic que viu Catalunya"},"content":{"rendered":"<p><img loading=\"lazy\" decoding=\"async\" class=\"alignleft size-full wp-image-846\" src=\"http:\/\/eec.cat\/blog\/wp-content\/uploads\/2014\/10\/eec.jpg\" alt=\"eec\" width=\"200\" height=\"200\" srcset=\"https:\/\/eec.cat\/blog\/wp-content\/uploads\/2014\/10\/eec.jpg 200w, https:\/\/eec.cat\/blog\/wp-content\/uploads\/2014\/10\/eec-150x150.jpg 150w\" sizes=\"auto, (max-width: 200px) 100vw, 200px\" \/>Una molt significativa part dels ciutadans de Catalunya, vol expressar a les urnes quin futur vol pel seu pa\u00eds, i ho ha fet i ho fa d&#8217; una manera pac\u00edfica, transversal i consistent al llarg dels darrers anys. En front d&#8217; aquesta voluntat el Govern i les forces majorit\u00e0ries de l&#8217; Estat Espanyol, hi oposen una negativa rotunda emparant-se en una interpretaci\u00f3 restrictiva de la Constituci\u00f3, negant un dret que \u00e9s inalienable i preval davant de legalitats puntuals.<\/p>\n<p>V\u00e9nen de molt lluny els motius que fonamenten la voluntat de tot un poble per expressar la seva voluntat a les urnes, molts intents de construir un Estat que fos respectu\u00f3s amb la diversitat. Els anys han anat transcorrent i amb ells s&#8217; ha anat esvaint l&#8217; esperan\u00e7a de qu\u00e8 la diversitat fos percebuda com una riquesa i un creixement dels pobles i nacions que formen l&#8217; estat espanyol.<\/p>\n<p>La moneda de canvi rebuda, ha estat una acci\u00f3 pol\u00edtica continuada de rebaixar aquells aspectes diferencials i identitaris m\u00e9s pregons, no respectar un model educatiu que administra amb saviesa el coneixement i domini de la llengua, reducci\u00f3 de compet\u00e8ncies en la governan\u00e7a i que paradoxalment s\u00f3n admeses en altres comunitats aut\u00f2nomes, una pol\u00edtica econ\u00f2mica que s&#8217; esmer\u00e7a en reduir la capacitat d\u2019inversi\u00f3 i creixement, apel\u00b7lant a una solidaritat que depassa el l\u00edmits de la raonabilitat i que posa en perill no ja l&#8217; estat del benestar, sin\u00f3 el manteniment de serveis b\u00e0sics i prioritaris com s\u00f3n l&#8217; educaci\u00f3, la cultura i la sanitat de tot un pa\u00eds.<\/p>\n<p>Tamb\u00e9 \u00e9s just recon\u00e8ixer que conviuen a Catalunya diferents visions i que hi ha una part de la poblaci\u00f3 que no accepta els arguments exposats, alguns defensen la continuaci\u00f3 del\u2019actual estat de coses, altres defensen l&#8217;opci\u00f3 de canvi de la Constituci\u00f3 per obrir-se a un model federal que corregeixi els greuges descrits. \u00c9s evident que aquesta situaci\u00f3 complexa no es pot resoldre sense acudir a una Consulta que doni d\u2019una manera democr\u00e0tica i objectiva quina \u00e9s l&#8217; opini\u00f3 majorit\u00e0ria dels ciutadans. Sense aquesta opci\u00f3 no hi haur\u00e0 una soluci\u00f3 que posi fi al greu conflicte pol\u00edtic i social en el que estem submergits.<\/p>\n<p>Per totes aquestes raons l&#8217; Esgl\u00e9sia Evang\u00e8lica de Catalunya (EEC), manifesta que est\u00e0 a favor <strong>&#8220;<em>del dret a decidir&#8221;<\/em><\/strong>, i ho fa per una convicci\u00f3 pr\u00f2pia, fonamentada en valors evang\u00e8lics que ens menen cap a espais on prevalguin la pau i la just\u00edcia i on es resolen els conflictes humans de manera pac\u00edfica i amistosa.<\/p>\n<p>La nostra esgl\u00e9sia pertany en l&#8217; \u00e0mbit de l&#8217; Estat Espanyol a la Iglesia Evang\u00e9lica Espa\u00f1ola (IEE), una <em>&#8220;esgl\u00e9sia unida&#8221;<\/em>, que t\u00e9 com a refer\u00e8ncia dos grans fam\u00edlies del protestantisme hist\u00f2ric, la metodista i la reformada, doncs b\u00e9 en l&#8217; \u00faltim S\u00ednode de la IEE, celebrat l&#8217; octubre del 2013 a M\u00e1laga, es va aprovar una resoluci\u00f3 per una ampl\u00edssima majoria que diu en el seu literal el seg\u00fcent :<\/p>\n<p><em>&#8220;Considerem un principi del nostre ordenament la Declaraci\u00f3 Universal de Drets Humans i en base a aquesta, el dret d&#8217; autodeterminaci\u00f3 dels pobles perqu\u00e8 puguin decidir el seu futur.&#8221;<\/em><\/p>\n<p>Una declaraci\u00f3 que t\u00e9 el valor de ser adoptada per sinodals procedents de tot l&#8217; Estat Espanyol, i que reflecteix respecte i consideraci\u00f3 absoluta a una construcci\u00f3 d&#8217; un m\u00f3n m\u00e9s just, basat en el respecte a la legitimitat moral de tots els ciutadans.<\/p>\n<p>&nbsp;<\/p>\n<p>Joel Cort\u00e9s i Casals \u00a0 \u00a0 \u00a0 \u00a0 \u00a0 \u00a0 \u00a0 \u00a0 \u00a0 \u00a0 \u00a0 \u00a0 \u00a0 \u00a0 \u00a0 \u00a0 \u00a0 \u00a0 \u00a0 \u00a0 \u00a0 \u00a0 \u00a0 \u00a0 \u00a0 \u00a0 \u00a0 \u00a0 \u00a0 \u00a0 \u00a0 \u00a0 \u00a0 \u00a0 \u00a0Ignacio Simal Camps<br \/>\nPresident de la Comisi\u00f3n Permanente de l&#8217;IEE \u00a0 \u00a0 \u00a0 \u00a0 \u00a0 \u00a0 \u00a0 \u00a0 \u00a0 \u00a0President de la Mesa de l\u2019EEC<\/p>\n","protected":false},"excerpt":{"rendered":"<p>Una molt significativa part dels ciutadans de Catalunya, vol expressar a les urnes quin futur vol pel seu pa\u00eds, i ho ha fet i ho fa d&#8217; una manera pac\u00edfica, transversal i consistent al llarg dels darrers anys. En front d&#8217; aquesta voluntat el Govern i les forces majorit\u00e0ries de l&#8217; Estat Espanyol, hi oposen [&hellip;]<\/p>\n","protected":false},"author":1,"featured_media":0,"comment_status":"open","ping_status":"open","sticky":false,"template":"","format":"standard","meta":{"_jetpack_memberships_contains_paid_content":false,"footnotes":""},"categories":[42],"tags":[45,43,44],"class_list":["post-844","post","type-post","status-publish","format-standard","hentry","category-declaracions","tag-9n","tag-catalunya","tag-dret-a-decidir"],"jetpack_featured_media_url":"","jetpack_sharing_enabled":true,"_links":{"self":[{"href":"https:\/\/eec.cat\/blog\/wp-json\/wp\/v2\/posts\/844","targetHints":{"allow":["GET"]}}],"collection":[{"href":"https:\/\/eec.cat\/blog\/wp-json\/wp\/v2\/posts"}],"about":[{"href":"https:\/\/eec.cat\/blog\/wp-json\/wp\/v2\/types\/post"}],"author":[{"embeddable":true,"href":"https:\/\/eec.cat\/blog\/wp-json\/wp\/v2\/users\/1"}],"replies":[{"embeddable":true,"href":"https:\/\/eec.cat\/blog\/wp-json\/wp\/v2\/comments?post=844"}],"version-history":[{"count":0,"href":"https:\/\/eec.cat\/blog\/wp-json\/wp\/v2\/posts\/844\/revisions"}],"wp:attachment":[{"href":"https:\/\/eec.cat\/blog\/wp-json\/wp\/v2\/media?parent=844"}],"wp:term":[{"taxonomy":"category","embeddable":true,"href":"https:\/\/eec.cat\/blog\/wp-json\/wp\/v2\/categories?post=844"},{"taxonomy":"post_tag","embeddable":true,"href":"https:\/\/eec.cat\/blog\/wp-json\/wp\/v2\/tags?post=844"}],"curies":[{"name":"wp","href":"https:\/\/api.w.org\/{rel}","templated":true}]}}