{"id":738,"date":"2014-07-21T08:14:00","date_gmt":"2014-07-21T08:14:00","guid":{"rendered":"http:\/\/eec.cat\/blog\/?p=738"},"modified":"2014-07-21T08:14:49","modified_gmt":"2014-07-21T08:14:49","slug":"dia-dia-21-de-juliol-27-de-juliol-2014","status":"publish","type":"post","link":"https:\/\/eec.cat\/blog\/dia-dia-21-de-juliol-27-de-juliol-2014\/","title":{"rendered":"Dia a Dia. 21 de juliol &#8211; 27 de juliol 2014"},"content":{"rendered":"<p><strong><span style=\"text-decoration: underline;\"><span style=\"color: #0000ff; text-decoration: underline;\"><a href=\"http:\/\/eec.cat\/blog\/wp-content\/uploads\/2014\/04\/efqsuoai48le.jpeg\"><img loading=\"lazy\" decoding=\"async\" class=\"alignleft size-thumbnail wp-image-595\" src=\"http:\/\/eec.cat\/blog\/wp-content\/uploads\/2014\/04\/efqsuoai48le-150x150.jpeg\" alt=\"efqsuoai48le\" width=\"150\" height=\"150\" \/><\/a>Dilluns, 21 de juliol<\/span><\/span><\/strong><\/p>\n<p>Isa\u00efes 14, 3-8<\/p>\n<p>Encara plorava el poble, sota la dominaci\u00f3 de Babil\u00f2nia, encara es lamentaven, pel dolor que patien, per les morts que havien vist, per la destrucci\u00f3 de tot all\u00f2 que tenien. Per\u00f2 el profeta aixeca la seva veu i els hi diu: tornareu a cantar, perqu\u00e8 D\u00e9u destruir\u00e0 els malvats, ell us retornar\u00e0 la pau, ells vencer\u00e0. Que sigui aquesta la nostra esperan\u00e7a i confian\u00e7a, D\u00e9u salvar\u00e0.<\/p>\n<p><strong><span style=\"text-decoration: underline;\"><span style=\"color: #0000ff; text-decoration: underline;\">Dimarts, 22 de juliol<\/span><\/span><\/strong><\/p>\n<p>Isa\u00efes 20, 1-6<\/p>\n<p>Tota la vida del profeta es converteix en senyal de D\u00e9u, el seu missatge no \u00e9s solament amb paraules, sin\u00f3 amb fets i signes. L\u2019home de D\u00e9u posa al servei del Senyor fins i tot la seva pr\u00f2pia vergonya, per dir al poble que no pot posar la seva confian\u00e7a en els homes, en els poderosos, solament en D\u00e9u resideix l\u2019esperan\u00e7a, de cap altre lloc podr\u00e0 vindre l\u2019ajuda.<\/p>\n<p><strong><span style=\"text-decoration: underline;\"><span style=\"color: #0000ff; text-decoration: underline;\">Dimecres, 23 de juliol<\/span><\/span><\/strong><\/p>\n<p>Isa\u00efes 22, 1-14<\/p>\n<p>D\u00e9u plora, i ning\u00fa el pot consolar; D\u00e9u plora per un poble que no ha volgut escoltar la seva paraula, que no ha fet cas dels seus advertiments; D\u00e9u plora per el poble que no va voler confiar en ell, que va menyspre\u00e0 la seva salvaci\u00f3 i va prefer\u00ed confiar la seva esperan\u00e7a a la for\u00e7a d\u2019Egipte. Ara Egipte ha caigut, i amb ell el poble del Senyor, que no va voler escoltar-lo. D\u00e9u plora pel seu poble, i ning\u00fa el pot consolar.<\/p>\n<p><strong><span style=\"text-decoration: underline;\"><span style=\"color: #0000ff; text-decoration: underline;\">Dijous, 24 de juliol<\/span><\/span><\/strong><\/p>\n<p>Isa\u00efes 25, 1-5<\/p>\n<p>En mig de la destrucci\u00f3 de la guerra que arrasava tot al voltant del poble de D\u00e9u, el profeta aixeca la veu per declarar la sobirania del Senyor, \u00e9s ell qui controla els pobles, \u00e9s ell qui permet fer a les nacions. La tirania dels homes ser\u00e0 arrasada per D\u00e9u mateix, perqu\u00e8 ell vol salvar a les v\u00edctimes innocents de la tirania. Preguem per aquells que han de patir la guerra per culpa de l\u2019avar\u00edcia dels homes.<\/p>\n<p><strong><span style=\"text-decoration: underline;\"><span style=\"color: #0000ff; text-decoration: underline;\">Divendres, 25 de juliol<\/span><\/span><\/strong><\/p>\n<p>Isa\u00efes 25, 6-9<\/p>\n<p>Mira el profeta m\u00e9s enll\u00e0 d\u2019un present desolador per veure al D\u00e9u que salvar\u00e0 totes les nacions, que obrir\u00e0 els bra\u00e7os per acollir a tots els pobles, per compartir amb tots el banquet de la pau. No \u00e9s vana l\u2019esperan\u00e7a que posem en D\u00e9u, ser\u00e0 recompensada, i l\u2019alegria tornar\u00e0 a les nostres vides quan el Senyor far\u00e0 realitat la seva salvaci\u00f3 en la nostra vida.<\/p>\n<p><strong><span style=\"text-decoration: underline;\"><span style=\"color: #0000ff; text-decoration: underline;\">Dissabte, 26 de juliol<\/span><\/span><\/strong><\/p>\n<p>Isa\u00efes 26, 1-6<\/p>\n<p>La nova ciutat ser\u00e0 constru\u00efda en la fidelitat de D\u00e9u, tornar\u00e0 el poble a viure en just\u00edcia, confiant en D\u00e9u, i no en les seves pr\u00f2pies forces o aliances. Els pobres i els febles es salvaran perqu\u00e8 confien en D\u00e9u, perqu\u00e8 la seva esperan\u00e7a est\u00e0 posada en el Senyor. La nova ciutat ser\u00e0 protegida pel D\u00e9u que salva.<\/p>\n<p><strong><span style=\"text-decoration: underline;\"><span style=\"color: #0000ff; text-decoration: underline;\">Diumenge, 27 de juliol<\/span><\/span><\/strong><\/p>\n<p>Isa\u00efes 26, 7-10<\/p>\n<p>El poble de D\u00e9u ent\u00e9n la desolaci\u00f3 que l\u2019envolta com un cam\u00ed d\u2019aprenentatge, en el que la humanitat pot entendre a on porten les seves decisions tir\u00e0niques i egoistes. El profeta confia en D\u00e9u, en que la seva just\u00edcia arribar\u00e0 per els qui la mereixen, per els que pateixen per culpa dels malvats. Aprendre de tot all\u00f2 que ens toca viure ens construeix com a nous \u00e9ssers humans que poden caminar per sendes de just\u00edcia.<\/p>\n","protected":false},"excerpt":{"rendered":"<p>Dilluns, 21 de juliol Isa\u00efes 14, 3-8 Encara plorava el poble, sota la dominaci\u00f3 de Babil\u00f2nia, encara es lamentaven, pel dolor que patien, per les morts que havien vist, per la destrucci\u00f3 de tot all\u00f2 que tenien. Per\u00f2 el profeta aixeca la seva veu i els hi diu: tornareu a cantar, perqu\u00e8 D\u00e9u destruir\u00e0 els [&hellip;]<\/p>\n","protected":false},"author":1,"featured_media":0,"comment_status":"open","ping_status":"open","sticky":false,"template":"","format":"standard","meta":{"_jetpack_memberships_contains_paid_content":false,"footnotes":""},"categories":[7],"tags":[],"class_list":["post-738","post","type-post","status-publish","format-standard","hentry","category-meditacions-diaries"],"jetpack_featured_media_url":"","jetpack_sharing_enabled":true,"_links":{"self":[{"href":"https:\/\/eec.cat\/blog\/wp-json\/wp\/v2\/posts\/738","targetHints":{"allow":["GET"]}}],"collection":[{"href":"https:\/\/eec.cat\/blog\/wp-json\/wp\/v2\/posts"}],"about":[{"href":"https:\/\/eec.cat\/blog\/wp-json\/wp\/v2\/types\/post"}],"author":[{"embeddable":true,"href":"https:\/\/eec.cat\/blog\/wp-json\/wp\/v2\/users\/1"}],"replies":[{"embeddable":true,"href":"https:\/\/eec.cat\/blog\/wp-json\/wp\/v2\/comments?post=738"}],"version-history":[{"count":0,"href":"https:\/\/eec.cat\/blog\/wp-json\/wp\/v2\/posts\/738\/revisions"}],"wp:attachment":[{"href":"https:\/\/eec.cat\/blog\/wp-json\/wp\/v2\/media?parent=738"}],"wp:term":[{"taxonomy":"category","embeddable":true,"href":"https:\/\/eec.cat\/blog\/wp-json\/wp\/v2\/categories?post=738"},{"taxonomy":"post_tag","embeddable":true,"href":"https:\/\/eec.cat\/blog\/wp-json\/wp\/v2\/tags?post=738"}],"curies":[{"name":"wp","href":"https:\/\/api.w.org\/{rel}","templated":true}]}}