{"id":734,"date":"2014-07-16T09:39:24","date_gmt":"2014-07-16T09:39:24","guid":{"rendered":"http:\/\/eec.cat\/blog\/?p=734"},"modified":"2014-07-16T09:40:04","modified_gmt":"2014-07-16T09:40:04","slug":"tv3-emitira-el-diumenge-20-de-juliol-2014-un-programa-sobre-lesperit-de-la-lletra-protestans-catalunya","status":"publish","type":"post","link":"https:\/\/eec.cat\/blog\/tv3-emitira-el-diumenge-20-de-juliol-2014-un-programa-sobre-lesperit-de-la-lletra-protestans-catalunya\/","title":{"rendered":"TV3 emitir\u00e1 el diumenge 20 de juliol 2014 un programa sobre: L\u00b4ESPERIT DE LA LLETRA. Protestans a Catalunya."},"content":{"rendered":"<p><strong><a href=\"http:\/\/eec.cat\/blog\/wp-content\/uploads\/2014\/07\/cruz-sant-pau.jpg\"><img loading=\"lazy\" decoding=\"async\" class=\"alignleft size-thumbnail wp-image-736\" src=\"http:\/\/eec.cat\/blog\/wp-content\/uploads\/2014\/07\/cruz-sant-pau-150x150.jpg\" alt=\"cruz sant pau\" width=\"150\" height=\"150\" \/><\/a>L&#8217;ESPERIT DE LA LLETRA.<\/strong> Protestants a Catalunya.<\/p>\n<p>Font: <strong>TV3<\/strong><\/p>\n<p>TV3 emet &#8220;L&#8217;Esperit de la Lletra. Protestants a Catalunya&#8221;, un reportatge que ofereix una aproximaci\u00f3 als fonaments d&#8217;aquesta confessi\u00f3.<\/p>\n<p>El treball se centra en dues parelles: una de pastors protestants (Jonatan Navarro i Marta L\u00f3pez) i l&#8217;altra d&#8217;estudiants per a pastors (Cec\u00edlia Garrido i Endika Mar\u00edn), els quals donen resposta a preguntes tals com per qu\u00e8 un jove o una jove decideixen convertir-se en pastor o pastora protestant, qu\u00e8 comporta aquest pas, per qu\u00e8 hi ha persones que trien una opci\u00f3 per formar part de la tradici\u00f3 protestant o per qu\u00e8 \u00e9s tan important la B\u00edblia per als seus fidels. Hi haur\u00e0 tamb\u00e9 el testimoni dels pastors Victor Hern\u00e1ndez Ram\u00edrez, psic\u00f2leg i psicoanalista, i Narc\u00eds de Batlle.<\/p>\n<p>Tamb\u00e9 es parlar\u00e0 sobre com es fa el pas de la lectura meditativa de la B\u00edblia a lluitar contra la crisi econ\u00f2mica i sobre qu\u00e8 aporta el protestantisme a les sortides contra la crisi.\u2028El reportatge compta tamb\u00e9 amb la participaci\u00f3 de Josep-Llu\u00eds Carod Rovira, director executiu de la C\u00e0tedra UPF sobre Diversitat Social.<\/p>\n<p>El protestantisme \u00e9s la segona confessi\u00f3 cristiana en nombre de creients a Catalunya. I \u00e9s que, a Catalunya, el protestantisme va n\u00e9ixer gaireb\u00e9 a l&#8217;hora que Luter va promulgar les seves 95 tesis contra les indulg\u00e8ncies (1517), a la porta de l&#8217;esgl\u00e9sia del Palau de Wittenberg. La paraula &#8220;protestant&#8221; es refereix al grup de pr\u00ednceps alemanys que van protestar contra l&#8217;edicte de Worms de 1521, que prohibia els ensenyaments luterans dintre de l&#8217;Imperi Rom\u00e0.<\/p>\n<p>El protestantisme \u00e9s la confessi\u00f3 cristiana que va eliminar totes les mediacions. Per als protestants, el que \u00e9s fonamental \u00e9s la lectura de la B\u00edblia: &#8220;nom\u00e9s la B\u00edblia&#8221;. Nom\u00e9s la fe. Nom\u00e9s la gr\u00e0cia. S\u00f3n els elements fonamentals de la tradici\u00f3 protestant. Per aix\u00f2, el protestantisme va tenir tanta import\u00e0ncia en el sorgiment i l&#8217;establiment dels canons de les lleng\u00fces europees. Per al protestantisme, D\u00e9u parla a trav\u00e9s de la lectura que cada individu fa de la B\u00edblia. Per aix\u00f2, \u00e9s fonamental la seva interpretaci\u00f3: cal descobrir l&#8217;esperit que impregna el text b\u00edblic. L&#8217;esperit que hi ha al darrere del text.<\/p>\n","protected":false},"excerpt":{"rendered":"<p>L&#8217;ESPERIT DE LA LLETRA. Protestants a Catalunya. Font: TV3 TV3 emet &#8220;L&#8217;Esperit de la Lletra. Protestants a Catalunya&#8221;, un reportatge que ofereix una aproximaci\u00f3 als fonaments d&#8217;aquesta confessi\u00f3. El treball se centra en dues parelles: una de pastors protestants (Jonatan Navarro i Marta L\u00f3pez) i l&#8217;altra d&#8217;estudiants per a pastors (Cec\u00edlia Garrido i Endika Mar\u00edn), [&hellip;]<\/p>\n","protected":false},"author":1,"featured_media":0,"comment_status":"open","ping_status":"open","sticky":false,"template":"","format":"standard","meta":{"_jetpack_memberships_contains_paid_content":false,"footnotes":""},"categories":[4],"tags":[],"class_list":["post-734","post","type-post","status-publish","format-standard","hentry","category-noticies"],"jetpack_featured_media_url":"","jetpack_sharing_enabled":true,"_links":{"self":[{"href":"https:\/\/eec.cat\/blog\/wp-json\/wp\/v2\/posts\/734","targetHints":{"allow":["GET"]}}],"collection":[{"href":"https:\/\/eec.cat\/blog\/wp-json\/wp\/v2\/posts"}],"about":[{"href":"https:\/\/eec.cat\/blog\/wp-json\/wp\/v2\/types\/post"}],"author":[{"embeddable":true,"href":"https:\/\/eec.cat\/blog\/wp-json\/wp\/v2\/users\/1"}],"replies":[{"embeddable":true,"href":"https:\/\/eec.cat\/blog\/wp-json\/wp\/v2\/comments?post=734"}],"version-history":[{"count":0,"href":"https:\/\/eec.cat\/blog\/wp-json\/wp\/v2\/posts\/734\/revisions"}],"wp:attachment":[{"href":"https:\/\/eec.cat\/blog\/wp-json\/wp\/v2\/media?parent=734"}],"wp:term":[{"taxonomy":"category","embeddable":true,"href":"https:\/\/eec.cat\/blog\/wp-json\/wp\/v2\/categories?post=734"},{"taxonomy":"post_tag","embeddable":true,"href":"https:\/\/eec.cat\/blog\/wp-json\/wp\/v2\/tags?post=734"}],"curies":[{"name":"wp","href":"https:\/\/api.w.org\/{rel}","templated":true}]}}