{"id":732,"date":"2014-07-14T05:31:21","date_gmt":"2014-07-14T05:31:21","guid":{"rendered":"http:\/\/eec.cat\/blog\/?p=732"},"modified":"2014-07-14T05:32:23","modified_gmt":"2014-07-14T05:32:23","slug":"dia-dia-14-de-juliol-20-de-juliol-2014","status":"publish","type":"post","link":"https:\/\/eec.cat\/blog\/dia-dia-14-de-juliol-20-de-juliol-2014\/","title":{"rendered":"Dia a Dia. 14 de juliol &#8211; 20 de juliol 2014."},"content":{"rendered":"<p><strong><span style=\"text-decoration: underline;\"><span style=\"color: #0000ff; text-decoration: underline;\"><a href=\"http:\/\/eec.cat\/blog\/wp-content\/uploads\/2013\/08\/dosrius-e1376303192331.jpg\"><img loading=\"lazy\" decoding=\"async\" class=\"alignleft size-thumbnail wp-image-236\" src=\"http:\/\/eec.cat\/blog\/wp-content\/uploads\/2013\/08\/dosrius-150x150.jpg\" alt=\"dosrius\" width=\"150\" height=\"150\" \/><\/a>Dilluns, 14 de juliol<\/span><\/span><\/strong><\/p>\n<p>Isa\u00efes 10, 1-4<\/p>\n<p>El Senyor, per mitj\u00e0 del profeta, ha fet saber que volia del seu poble, just\u00edcia i miseric\u00f2rdia, per\u00f2 el poble no ha escoltat. Els dirigents de Jud\u00e0 han oprimit als febles, han abusats dels que ja no tenen res, dels que solament podien sobreviure per la seva ajuda. Preguem per tantes persones que, al nostre voltant, pateixen l\u2019opressi\u00f3 de lleis injustes, preguem per ells i per nosaltres, perqu\u00e8 siguem capa\u00e7os d\u2019oferir-lis all\u00f2 que els manca.<\/p>\n<p><strong><span style=\"text-decoration: underline;\"><span style=\"color: #0000ff; text-decoration: underline;\">Dimarts, 15 de juliol<\/span><\/span><\/strong><\/p>\n<p>Isa\u00efes 10, 5-12<\/p>\n<p>La naci\u00f3 que ha devastat Samaria es converteix en una amena\u00e7a per Jud\u00e0, s\u00f3n a les portes d\u2019envair-los i aniquilar-los, es creuen una naci\u00f3 forta, que ven\u00e7 per el seu poder i els seus recursos, per\u00f2 la realitat \u00e9s que D\u00e9u no permetr\u00e0 que la seva altivesa prevalgui, Babilonia arrasar\u00e0 Ass\u00edria, perqu\u00e8 D\u00e9u sempre \u00e9s sobir\u00e0, la seva voluntat es compleix.<\/p>\n<p><strong><span style=\"text-decoration: underline;\"><span style=\"color: #0000ff; text-decoration: underline;\">Dimecres, 16 de juliol<\/span><\/span><\/strong><\/p>\n<p>Isa\u00efes 10, 20-23<\/p>\n<p>La maldat d\u2019Israel no t\u00e9 volta enrere, no han escoltat la paraula del profeta, no han canviat els seus camins, la destrucci\u00f3 arriba, per\u00f2 hi ha esperan\u00e7a. D\u00e9u no permetr\u00e0 que el seu poble quedi aniquilat, hi haur\u00e0 una resta, una resta amb la que el Senyor tornar\u00e0 a aixecar el poble de la benedicci\u00f3. La mort \u00e9s a les portes, per\u00f2 d\u2019ella D\u00e9u en far\u00e0 n\u00e9ixer una nova vida.<\/p>\n<p><strong><span style=\"text-decoration: underline;\"><span style=\"color: #0000ff; text-decoration: underline;\">Dijous, 17 de juliol<\/span><\/span><\/strong><\/p>\n<p>Isa\u00efes 11, 1-10<\/p>\n<p>En mig de la desolaci\u00f3 i el frac\u00e0s del poble la seva esperan\u00e7a es construeix en el naixement del que ser\u00e0 guiat per l\u2019Esperit de D\u00e9u. En ell, en la seva saviesa i la seva fidelitat al Senyor, el coneixement de D\u00e9u s\u2019estendr\u00e0 per tota la terra, en ell el poble es construir\u00e0 com benedicci\u00f3 per a tots els pobles. En ell les promeses de D\u00e9u es faran realitat.<\/p>\n<p><strong><span style=\"text-decoration: underline;\"><span style=\"color: #0000ff; text-decoration: underline;\">Divendres, 18 de juliol<\/span><\/span><\/strong><\/p>\n<p>Isa\u00efes 11, 11-16<\/p>\n<p>Cridar\u00e0 D\u00e9u al seu poble, el salvar\u00e0 de totes les nacions que l\u2019oprimeixen, aleshores Israel i Jud\u00e0 tornaran a ser un de sol, els germans deixaran de ser enemics i podran v\u00e8ncer a tots els pobles que els han massacrat. D\u00e9u obrir\u00e0 noves rutes, nous camins, per reconstruir el poble i fer-lo lliure com quan el va fer pujar d\u2019Egipte.<\/p>\n<p><strong><span style=\"text-decoration: underline;\"><span style=\"color: #0000ff; text-decoration: underline;\">Dissabte, 19 de juliol<\/span><\/span><\/strong><\/p>\n<p>Isa\u00efes 12, 1-6<\/p>\n<p>La salvaci\u00f3 no ha arribat, l\u2019oprobi i l\u2019horror segueixen, per\u00f2 la veu del profeta canta l\u2019esperan\u00e7a del D\u00e9u que rescatar\u00e0 al seu poble. Arribar\u00e0 el triomf, arribar\u00e0 la restauraci\u00f3, aquesta \u00e9s la for\u00e7a que ens ha de guiar en mig del patiment. Quan sembla que no hi ha sortida, quan sembla que no hi ha esperan\u00e7a, la nostra confian\u00e7a ha de construir-se en que el D\u00e9u que salva vindr\u00e0, per aix\u00f2 hem de lloar-lo, fins i tot en mig del dolor.<\/p>\n<p><strong><span style=\"text-decoration: underline;\"><span style=\"color: #0000ff; text-decoration: underline;\">Diumenge, 20 de juliol<\/span><\/span><\/strong><\/p>\n<p>Isa\u00efes 13, 11-13<\/p>\n<p>No ens agrada el D\u00e9u destructor que moltes vegades ens presenta el testimoni d\u2019Israel, per\u00f2 quan la injust\u00edcia, la maldat i la viol\u00e8ncia dels poderosos, contra els que no podem fer res, \u00e9s tot el que t\u2019envolta, solament pots esperar que D\u00e9u faci just\u00edcia, que ell vindiqui les v\u00edctimes innocents dels dolents. Preguem per tantes v\u00edctimes innocents que pateixen, per les que no compten, per les que la seva \u00fanica esperan\u00e7a \u00e9s D\u00e9u.<\/p>\n","protected":false},"excerpt":{"rendered":"<p>Dilluns, 14 de juliol Isa\u00efes 10, 1-4 El Senyor, per mitj\u00e0 del profeta, ha fet saber que volia del seu poble, just\u00edcia i miseric\u00f2rdia, per\u00f2 el poble no ha escoltat. Els dirigents de Jud\u00e0 han oprimit als febles, han abusats dels que ja no tenen res, dels que solament podien sobreviure per la seva ajuda. [&hellip;]<\/p>\n","protected":false},"author":1,"featured_media":0,"comment_status":"open","ping_status":"open","sticky":false,"template":"","format":"standard","meta":{"_jetpack_memberships_contains_paid_content":false,"footnotes":""},"categories":[7],"tags":[],"class_list":["post-732","post","type-post","status-publish","format-standard","hentry","category-meditacions-diaries"],"jetpack_featured_media_url":"","jetpack_sharing_enabled":true,"_links":{"self":[{"href":"https:\/\/eec.cat\/blog\/wp-json\/wp\/v2\/posts\/732","targetHints":{"allow":["GET"]}}],"collection":[{"href":"https:\/\/eec.cat\/blog\/wp-json\/wp\/v2\/posts"}],"about":[{"href":"https:\/\/eec.cat\/blog\/wp-json\/wp\/v2\/types\/post"}],"author":[{"embeddable":true,"href":"https:\/\/eec.cat\/blog\/wp-json\/wp\/v2\/users\/1"}],"replies":[{"embeddable":true,"href":"https:\/\/eec.cat\/blog\/wp-json\/wp\/v2\/comments?post=732"}],"version-history":[{"count":0,"href":"https:\/\/eec.cat\/blog\/wp-json\/wp\/v2\/posts\/732\/revisions"}],"wp:attachment":[{"href":"https:\/\/eec.cat\/blog\/wp-json\/wp\/v2\/media?parent=732"}],"wp:term":[{"taxonomy":"category","embeddable":true,"href":"https:\/\/eec.cat\/blog\/wp-json\/wp\/v2\/categories?post=732"},{"taxonomy":"post_tag","embeddable":true,"href":"https:\/\/eec.cat\/blog\/wp-json\/wp\/v2\/tags?post=732"}],"curies":[{"name":"wp","href":"https:\/\/api.w.org\/{rel}","templated":true}]}}