{"id":726,"date":"2014-07-07T10:30:34","date_gmt":"2014-07-07T10:30:34","guid":{"rendered":"http:\/\/eec.cat\/blog\/?p=726"},"modified":"2014-07-07T10:33:42","modified_gmt":"2014-07-07T10:33:42","slug":"pastor-sebastian-rodriguez-gomez","status":"publish","type":"post","link":"https:\/\/eec.cat\/blog\/pastor-sebastian-rodriguez-gomez\/","title":{"rendered":"Pastor Sebasti\u00e1n Rodr\u00edguez G\u00f3mez: una semblanza"},"content":{"rendered":"<p><a href=\"http:\/\/eec.cat\/blog\/wp-content\/uploads\/2014\/07\/sebasti\u00e1-rodr\u00edguez-223x300.jpg\"><img loading=\"lazy\" decoding=\"async\" class=\"alignleft size-thumbnail wp-image-727\" src=\"http:\/\/eec.cat\/blog\/wp-content\/uploads\/2014\/07\/sebasti\u00e1-rodr\u00edguez-223x300-150x150.jpg\" alt=\"sebasti\u00e1-rodr\u00edguez-223x300\" width=\"150\" height=\"150\" \/><\/a>Sebasti\u00e1n Rodr\u00edguez G\u00f3mez ha partido a la casa del Padre la madrugada que cumpl\u00eda 85 a\u00f1os.<\/p>\n<p>Nacido en Albacete un 5 de julio de 1929, despert\u00f3 al evangelio cuando contaba con diecisiete a\u00f1os. Desde ese mismo momento dedicar\u00eda su vida a compartir las Buenas Nuevas.<\/p>\n<p>Se cas\u00f3 con Eunice Domingo Guillem el d\u00eda de Reyes de 1954, y pasados pocos meses marchar\u00edan al Seminario Evang\u00e9lico Unido en Madrid. En 1956 finalizar\u00eda sus estudios en Barcelona para acabar siendo ahora ordenado al Ministerio Pastoral en 1959, en Zaragoza, ciudad donde iba a pastorear durante ocho a\u00f1os la Iglesia del Esp\u00edritu Santo y sus Misiones.<\/p>\n<p>El 23 de junio de 1966 llegaron a Barcelona para pastorear entonces la Iglesia de San Pablo durante 30 a\u00f1os. A lo largo de su vida, el pastor Rodr\u00edguez desempe\u00f1\u00f3 y ocup\u00f3 diferentes cargos de responsabilidad en la Iglesia Evang\u00e9lica Espa\u00f1ola, puso en marcha gran cantidad proyectos y gran empe\u00f1o en la evangelizaci\u00f3n.<\/p>\n<p>\u2022 Presidente de la Junta Regional del Norte de la IEE.<\/p>\n<p>\u2022 Presidente de la Junta Regional de Catalunya y Baleares.<\/p>\n<p>\u2022 Director del Departamento de Evangelizaci\u00f3n.<\/p>\n<p>\u2022 Director del Departamento de Medios de Comunicaci\u00f3n Social.<\/p>\n<p>\u2022 Vocal de la Comisi\u00f3n Permanente de la IEE.<\/p>\n<p>\u2022 Secretario 2\u00ba de la Comisi\u00f3n Permanente de la IEE.<\/p>\n<p>\u2022 Vice-presidente de la Comisi\u00f3n de Ministerios.<\/p>\n<p>\u2022 Presidente de la Comisi\u00f3n de Ministerios.<\/p>\n<p>\u2022 Fundador y Director de la casa de colonias Aiguaviva.<\/p>\n<p>Fue Profesor de Religi\u00f3n de la Escuela Suiza en Barcelona, desde octubre de 1984 hasta su jubilaci\u00f3n.<\/p>\n<p>Gracias a la eficaz colaboraci\u00f3n de su esposa, el ser padre de tres hijas y tres hijos no le impidi\u00f3 viajar a Francia, Holanda, Suiza, Alemania, Estados unidos y Australia.<\/p>\n<p>Fruto de la experiencia de 38 a\u00f1os de Ministerio es autor de varias obras: \u201cAntolog\u00eda de la Liturgia\u201d, \u201cSermones\u201d, \u201cReflexiones para un nuevo siglo\u201d y un importante volumen sobre \u201cSimbolog\u00eda\u201d pendiente de publicaci\u00f3n.<\/p>\n<p>La marcha del pastor Sebasti\u00e1n Rodr\u00edguez, deja un gran vac\u00edo en el mundo protestante y en todos aquellos que le conocieron. Soli Deo Gloria.<\/p>\n","protected":false},"excerpt":{"rendered":"<p>Sebasti\u00e1n Rodr\u00edguez G\u00f3mez ha partido a la casa del Padre la madrugada que cumpl\u00eda 85 a\u00f1os. Nacido en Albacete un 5 de julio de 1929, despert\u00f3 al evangelio cuando contaba con diecisiete a\u00f1os. Desde ese mismo momento dedicar\u00eda su vida a compartir las Buenas Nuevas. Se cas\u00f3 con Eunice Domingo Guillem el d\u00eda de Reyes [&hellip;]<\/p>\n","protected":false},"author":1,"featured_media":0,"comment_status":"open","ping_status":"open","sticky":false,"template":"","format":"standard","meta":{"_jetpack_memberships_contains_paid_content":false,"footnotes":""},"categories":[4],"tags":[],"class_list":["post-726","post","type-post","status-publish","format-standard","hentry","category-noticies"],"jetpack_sharing_enabled":true,"jetpack_featured_media_url":"","_links":{"self":[{"href":"https:\/\/eec.cat\/blog\/wp-json\/wp\/v2\/posts\/726","targetHints":{"allow":["GET"]}}],"collection":[{"href":"https:\/\/eec.cat\/blog\/wp-json\/wp\/v2\/posts"}],"about":[{"href":"https:\/\/eec.cat\/blog\/wp-json\/wp\/v2\/types\/post"}],"author":[{"embeddable":true,"href":"https:\/\/eec.cat\/blog\/wp-json\/wp\/v2\/users\/1"}],"replies":[{"embeddable":true,"href":"https:\/\/eec.cat\/blog\/wp-json\/wp\/v2\/comments?post=726"}],"version-history":[{"count":0,"href":"https:\/\/eec.cat\/blog\/wp-json\/wp\/v2\/posts\/726\/revisions"}],"wp:attachment":[{"href":"https:\/\/eec.cat\/blog\/wp-json\/wp\/v2\/media?parent=726"}],"wp:term":[{"taxonomy":"category","embeddable":true,"href":"https:\/\/eec.cat\/blog\/wp-json\/wp\/v2\/categories?post=726"},{"taxonomy":"post_tag","embeddable":true,"href":"https:\/\/eec.cat\/blog\/wp-json\/wp\/v2\/tags?post=726"}],"curies":[{"name":"wp","href":"https:\/\/api.w.org\/{rel}","templated":true}]}}