{"id":722,"date":"2014-07-07T10:21:07","date_gmt":"2014-07-07T10:21:07","guid":{"rendered":"http:\/\/eec.cat\/blog\/?p=722"},"modified":"2014-07-07T10:21:07","modified_gmt":"2014-07-07T10:21:07","slug":"qui-fa-ser-franklin-albricias-goetz","status":"publish","type":"post","link":"https:\/\/eec.cat\/blog\/qui-fa-ser-franklin-albricias-goetz\/","title":{"rendered":"Qui fa ser Franklin Albricias G\u00f6etz?"},"content":{"rendered":"<p><a href=\"http:\/\/eec.cat\/blog\/wp-content\/uploads\/2014\/07\/2014-06-07-14.23.17.jpg\"><img loading=\"lazy\" decoding=\"async\" class=\"alignleft size-thumbnail wp-image-723\" src=\"http:\/\/eec.cat\/blog\/wp-content\/uploads\/2014\/07\/2014-06-07-14.23.17-150x150.jpg\" alt=\"2014-06-07 14.23.17\" width=\"150\" height=\"150\" \/><\/a>El dia 7 de juny es va inaugurar un bust de bronze de Franklin Albricias situat a la pla\u00e7a que porta el seu nom a la ciutat d\u2019Alacant des del dia 29 de juny de l\u2019any passat. El bust el va realitzat l\u2019escultor Luis G\u00e1mez Lore\u00f1a i els que van promoure d\u2019aquesta iniciativa van ser la l\u00f2gia mas\u00f2nica (Constane Alona) del Gran Orient de Fran\u00e7a a Espanya amb la col\u00b7laboraci\u00f3 de l\u2019Esgl\u00e9sia Evang\u00e8lica Espanyola i tamb\u00e9 per subscripci\u00f3 popular.<\/p>\n<p>A l\u2019acte van prendre la paraula el president de la Comissi\u00f3 Permanent de l\u2019Esgl\u00e9sia Evang\u00e8lica Espanyola, Sr. Joel Cort\u00e9s; el president de la l\u00f2gia del Gran Orient de Fran\u00e7a, i tamb\u00e9 de la L\u00f2gia d\u2019Espanya, i el regidor de cultura de l\u2019Ajuntament d\u2019Alacant. Tots ells van destacar diferents facetes de la figura de Franklin Albr\u00edcias per\u00f2 sobretot els valors humans i religiosos que el va portar a treballar a favor dels seus conciutadans. D\u2019aquesta manera es va homenatjar a un pedagog, director de l\u2019Escola Model, tinent d\u2019alcalde d\u2019Alacant, president de la Diputaci\u00f3 durant la segona Rep\u00fablica, pastor protestant, republic\u00e0 i francma\u00e7\u00f3. A l\u2019acte tamb\u00e9 va assistir-hi l\u2019alcaldessa d\u2019Alacant, membres de l\u2019Esgl\u00e9sia Evang\u00e8lica Espanyola, membres de les l\u00f2gies espanyoles i familiars de Franklin Albr\u00edcias.<\/p>\n<p>\u00c9s important ressaltar tamb\u00e9 que aquell dia es va entregar el VII premi Franklin Albr\u00edcias a una Escola P\u00fablica d\u2019Alacant per la seva tasca pedag\u00f2gica centrada a destacar el seu treball educatiu com una tasca per edificar ciutadans.<\/p>\n<p><strong>I, qui va ser Franklin Albricias Go\u00ebtz.<\/strong> Curt i ras: Era fill d\u2019una catal\u00e0 i una alsaciana Una persona que va n\u00e9ixer a Alacant l\u2019any 1892 i va morir a Su\u00efssa el 1972. Durant aquests 80 anys va pensar, va fer, va donar, va treballar, va plorar i va estimar.<br \/>\nEls 13 anys el seu pare l\u2019envia a estudiar a Su\u00efssa on va treure el t\u00edtol de Magisteri i l\u2019any 1910 torna a Espanya. Quan tenia 29 anys es va c\u00e0rrec de l\u2019Escola Modelo que el seu pare havia fundat i tamb\u00e9 de l\u2019esgl\u00e9sia d\u2019Alacant com a pastor. Cal fer una refer\u00e8ncia a l\u2019Escola Modelo que va ser i \u00e9s encara un referent a la ciutat d\u2019Alacant: Fundada l\u2019any 1897 pel seu pare Francisco Albricias Bacas, destacat pedagog i pastor (havia fundat l\u2019esgl\u00e9sia de Rub\u00ed i tamb\u00e9 les escoles al mateix edifici) l\u2019Escola Modelo volia ser el que el seu propi nom indica: Un model constituint tot un nou projecte educatiu mixt inspirat amb les idees de Giner de los Rios. A Alacant, ja sent director Franklin Albr\u00edcias, va arribar a ser l\u2019escola amb m\u00e9s nens matriculats (amb m\u00e9s de 1500 alumnes) i comptava \u2013en aquell temps- amb laboratoris i dues biblioteques i a la nit oferien classes gratu\u00eftes perqu\u00e8 poguessin assistir els treballadors que no podien anar-hi en altres horaris. Tenien tamb\u00e9 una orquestra que la sensibilitat musical de Franklin Albr\u00edcias va fer possible, ja que era membre de la \u201cWagneriana\u201d important Orquestra de C\u00e0mera d\u2019Alacant.<\/p>\n<p>Conven\u00e7ut dels valors de l&#8217;esport, va ser un dels fundadors de l&#8217;Albacete CF, ciutat on va residir com a professor de l\u2019Escola Normal d\u2019Albacete abans de tornar a Alacant per ajudar al seu pare a fer-se c\u00e0rrec de l\u2019Escola Model. Tamb\u00e9 aquella ciutat li va dedicar un carrer al seu nom.<\/p>\n<p>Dos anys m\u00e9s tard \u00e9s elegit Vicepresident primer a \u201cAcci\u00f3n Republicana\u201d d\u2019Alacant, entitat que va n\u00e9ixer el mar\u00e7 de 1930. La personalitat liter\u00e0ria i pol\u00edtica de Franklin Albr\u00edcias cada vegada era m\u00e9s rellevant. Era conegut a la seva ciutat per la seva pres\u00e8ncia a l\u2019Ateneo i la Casa de la Rep\u00fablica. Era un brillant orador, les seves confer\u00e8ncies no eren fan\u00e0tiques ni exacerbades, sin\u00f3 per motivacions socials i morals. Despr\u00e9s de la instauraci\u00f3 de la II Rep\u00fablica el 14 d\u2019abril de 1931, es nomenat Primer Tinent d\u2019Alcalde de l\u2019Ajuntament i despr\u00e9s President de la Diputaci\u00f3 Provincial d\u2019Alacant. La seva preocupaci\u00f3 durant aquest temps es centra en construir hospitals i Cases de Benefic\u00e8ncia. Tamb\u00e9 es preocupa per les malalties mentals millorant les cases de salut que els assistien. Va tenir altres responsabilitats pol\u00edtiques el que vol remarcar la seva capacitat intel\u00b7lectual i la seva din\u00e0mica de gesti\u00f3, la seva lleialtat als principis i ideals als quals va dedicar tota la seva vida.<\/p>\n<p>Per la seva condici\u00f3 de \u201cprotestant\u201d tamb\u00e9 va tenir els seus detractors entre els anticlericals i els cat\u00f2lics, per\u00f2 sempre va ser un defensor ac\u00e8rrim de la separaci\u00f3 de l\u2019Esgl\u00e9sia i l\u2019Estat.<\/p>\n<p>Va ingressar a la francma\u00e7oneria amb el nom de \u201cTe\u00f2fil\u201d. Els conceptes de Llibertat, Igualtat, Fraternitat, Cultura i Caritat eren conceptes de la seva formaci\u00f3 religiosa. Una de les seves frases que ens indica el seu tarann\u00e0 \u00e9s: \u201cHay que forjar hombres que sepan gobernarse a s\u00ed mismos y que puedan dominar el mundo,viviendo para el bien, volviendo a la vida normal, al respeto, a la solidaridad, al trabajo, a la sencillez, a la vida moral\u201d<\/p>\n<p>Per\u00f2 la guerra que tantes coses va malmetre, tamb\u00e9 va acabar amb tots els ideals que el van portar a treballar pel b\u00e9 dels altres. Finalment, va arribar l\u2019exili d\u2019on no va tornar. Abandona Alacant el 29 de mar\u00e7 de 1939, exiliant-se a Fran\u00e7a, despr\u00e9s a Alger i posteriorment a Su\u00efssa, on morir\u00e0 l&#8217;any 1972.<\/p>\n<p>Podr\u00edem acabar dient que Franklin Albr\u00edcias G\u00f6etz representava l\u2019escola moderna, va ser pastor de l\u2019Esgl\u00e9sia Evang\u00e8lica Espanyola d\u2019Alacant i un humanista, destacant pels seus valors de respecte i toler\u00e0ncia i el seu comprom\u00eds per la llibertat, el comprom\u00eds social, pol\u00edtic, religi\u00f3s i musical.<\/p>\n<p><a href=\"http:\/\/eec.cat\/blog\/wp-content\/uploads\/2014\/07\/CAM000673-1.jpg\"><img loading=\"lazy\" decoding=\"async\" class=\"aligncenter size-medium wp-image-724\" src=\"http:\/\/eec.cat\/blog\/wp-content\/uploads\/2014\/07\/CAM000673-1-300x200.jpg\" alt=\"CAM00067~3 (1)\" width=\"300\" height=\"200\" srcset=\"https:\/\/eec.cat\/blog\/wp-content\/uploads\/2014\/07\/CAM000673-1-300x200.jpg 300w, https:\/\/eec.cat\/blog\/wp-content\/uploads\/2014\/07\/CAM000673-1-1024x683.jpg 1024w\" sizes=\"auto, (max-width: 300px) 100vw, 300px\" \/><\/a><\/p>\n","protected":false},"excerpt":{"rendered":"<p>El dia 7 de juny es va inaugurar un bust de bronze de Franklin Albricias situat a la pla\u00e7a que porta el seu nom a la ciutat d\u2019Alacant des del dia 29 de juny de l\u2019any passat. El bust el va realitzat l\u2019escultor Luis G\u00e1mez Lore\u00f1a i els que van promoure d\u2019aquesta iniciativa van ser [&hellip;]<\/p>\n","protected":false},"author":1,"featured_media":0,"comment_status":"open","ping_status":"open","sticky":false,"template":"","format":"standard","meta":{"_jetpack_memberships_contains_paid_content":false,"footnotes":""},"categories":[1],"tags":[],"class_list":["post-722","post","type-post","status-publish","format-standard","hentry","category-general"],"jetpack_sharing_enabled":true,"jetpack_featured_media_url":"","_links":{"self":[{"href":"https:\/\/eec.cat\/blog\/wp-json\/wp\/v2\/posts\/722","targetHints":{"allow":["GET"]}}],"collection":[{"href":"https:\/\/eec.cat\/blog\/wp-json\/wp\/v2\/posts"}],"about":[{"href":"https:\/\/eec.cat\/blog\/wp-json\/wp\/v2\/types\/post"}],"author":[{"embeddable":true,"href":"https:\/\/eec.cat\/blog\/wp-json\/wp\/v2\/users\/1"}],"replies":[{"embeddable":true,"href":"https:\/\/eec.cat\/blog\/wp-json\/wp\/v2\/comments?post=722"}],"version-history":[{"count":0,"href":"https:\/\/eec.cat\/blog\/wp-json\/wp\/v2\/posts\/722\/revisions"}],"wp:attachment":[{"href":"https:\/\/eec.cat\/blog\/wp-json\/wp\/v2\/media?parent=722"}],"wp:term":[{"taxonomy":"category","embeddable":true,"href":"https:\/\/eec.cat\/blog\/wp-json\/wp\/v2\/categories?post=722"},{"taxonomy":"post_tag","embeddable":true,"href":"https:\/\/eec.cat\/blog\/wp-json\/wp\/v2\/tags?post=722"}],"curies":[{"name":"wp","href":"https:\/\/api.w.org\/{rel}","templated":true}]}}