{"id":718,"date":"2014-07-07T10:09:13","date_gmt":"2014-07-07T10:09:13","guid":{"rendered":"http:\/\/eec.cat\/blog\/?p=718"},"modified":"2014-07-07T10:11:00","modified_gmt":"2014-07-07T10:11:00","slug":"dia-dia-7-de-juliol-13-de-juliol-2014","status":"publish","type":"post","link":"https:\/\/eec.cat\/blog\/dia-dia-7-de-juliol-13-de-juliol-2014\/","title":{"rendered":"Dia a Dia. 7 de juliol &#8211; 13 de juliol 2014."},"content":{"rendered":"<p><span style=\"text-decoration: underline; color: #0000ff;\"><strong><a href=\"http:\/\/eec.cat\/blog\/wp-content\/uploads\/2013\/07\/costadorada.jpg\"><img loading=\"lazy\" decoding=\"async\" class=\"alignleft size-thumbnail wp-image-122\" src=\"http:\/\/eec.cat\/blog\/wp-content\/uploads\/2013\/07\/costadorada-150x150.jpg\" alt=\"costadorada\" width=\"150\" height=\"150\" \/><\/a>Dilluns, 7 de juliol<\/strong><\/span><\/p>\n<p>Isa\u00efes 5, 1-7<\/p>\n<p>Qu\u00e8 ens ha donat D\u00e9u? Aquesta \u00e9s la pregunta que Isa\u00efes fa al poble d\u2019Israel, perqu\u00e8 va vessar sobre el seu poble la just\u00edcia i la miseric\u00f2rdia, per\u00f2 ells van respondre fent injust\u00edcies i mis\u00e8ries. El Senyor ens ha cuidat, perqu\u00e8 ens constru\u00efm en Ell, en el seu exemple.<\/p>\n<p><span style=\"color: #0000ff;\"><strong><span style=\"text-decoration: underline;\">Dimarts, 8 de juliol<\/span><\/strong><\/span><\/p>\n<p>Isa\u00efes 5, 15-17<\/p>\n<p>Igual que va fer-ho el poble d\u2019Israel, moltes vegades confonem la santedat de D\u00e9u amb la religiositat, per\u00f2 el cert \u00e9s que D\u00e9u \u00e9s Sant en la seva just\u00edcia, una just\u00edcia que ha de practicar-se enmig del seu poble. La nostra santedat no dep\u00e8n dels nostres ritus religiosos, sin\u00f3 de la nostra capacitat de conviure, els uns amb els altres, en el dret del Senyor.<\/p>\n<p><span style=\"color: #0000ff;\"><strong><span style=\"text-decoration: underline;\">Dimecres, 9 de juliol<\/span><\/strong><\/span><\/p>\n<p>Isa\u00efes 6, 1-8<\/p>\n<p>La hist\u00f2ria de la crida dels profetes sol estar al inici dels seus llibres, per\u00f2 la d\u2019Isa\u00efes la trobem despr\u00e9s de que se\u2019ns hagi presentat la situaci\u00f3 del poble i la indignaci\u00f3 del Senyor. L\u2019esperan\u00e7a d\u2019Israel \u00e9s que D\u00e9u, encara enmig del seu enuig, no els abandona, sin\u00f3 que aixeca veus que portaran la seva Paraula per instruir i portar al poble cap a la conversi\u00f3. D\u00e9u sempre est\u00e0 disposat a ensenyar-nos.<\/p>\n<p><span style=\"text-decoration: underline;\"><strong><span style=\"color: #0000ff; text-decoration: underline;\">Dijous, 10 de juliol<\/span><\/strong><\/span><\/p>\n<p>Isa\u00efes 7, 1-9<\/p>\n<p>Arriben temps convulsos per el poble de D\u00e9u, Israel est\u00e0 amena\u00e7ada pels arameus, que estan a punt de conquistar-la, per\u00f2 el Senyor li diu a Jud\u00e0 que no tingui por, que aquest poble no caur\u00e0 sobre ells. D\u00e9u \u00e9s sobir\u00e0 de tot, de tots el poble, de totes les hist\u00f2ries, en aquesta convicci\u00f3 es construeix la fe del poble, res escapa del control del Senyor, res succeeix sense que ell ho permeti.<\/p>\n<p><span style=\"color: #0000ff;\"><strong><span style=\"text-decoration: underline;\">D<span style=\"text-decoration: underline;\">ivendres, 11 de juliol<\/span><\/span><\/strong><\/span><\/p>\n<p>Isa\u00efes 8, 11-17<\/p>\n<p>Enmig de les pors del poble, que tremolen davant les forces poderoses de les altres nacions D\u00e9u li demana a Isa\u00efes que confi\u00ef, encara que hagi de viure la devastaci\u00f3 i el terror, encara que sembli que l\u2019esperan\u00e7a ha desaparegut. Quan tot el que ens envolta s\u00f3n dificultats, D\u00e9u ens demana que confiem, encara que sembli que ens ha deixat abandonats.<\/p>\n<p><span style=\"color: #0000ff;\"><strong><span style=\"text-decoration: underline;\">Dissabte, 12 de juliol<\/span><\/strong><\/span><\/p>\n<p>Isa\u00efes 9, 1-6<\/p>\n<p>La foscor que envolta al poble no ser\u00e0 per sempre, ja arriba l\u2019esperan\u00e7a, arriba el rebrot de David que omplir\u00e0 de pau i just\u00edcia la terra. Veurem la llum, perqu\u00e8 el Senyor ens estima, no hi ha altre ra\u00f3, la salvaci\u00f3 ve donada per amor. Ens alegrarem, cridarem de joia, perqu\u00e8 encara que avui visquem l\u2019oprobi, sabem que D\u00e9u no ens ha oblidat.<\/p>\n<p><span style=\"color: #0000ff;\"><strong><span style=\"text-decoration: underline;\">Diumenge, 13 de juliol<\/span><\/strong><\/span><\/p>\n<p>Isa\u00efes 9, 12-16<\/p>\n<p>Samaria ha caigut en mans dels seus enemics, hi \u00e9s que la maldat s\u2019havia instal\u00b7lat en mig del poble, la infidelitat d\u2019Israel ha tingut conseq\u00fc\u00e8ncies i el Senyor no els ha perdonat. Solament calia que haguessin retornat al Senyor, el qui els volia instruir. El testimoni prof\u00e8tic parla de la sobirania de D\u00e9u que domina el m\u00f3n, que d\u00f3na la vida i la mort. D\u00e9u salvar\u00e0 al seu poble, per\u00f2 primer han de retornar als seus camins.<\/p>\n","protected":false},"excerpt":{"rendered":"<p>Dilluns, 7 de juliol Isa\u00efes 5, 1-7 Qu\u00e8 ens ha donat D\u00e9u? Aquesta \u00e9s la pregunta que Isa\u00efes fa al poble d\u2019Israel, perqu\u00e8 va vessar sobre el seu poble la just\u00edcia i la miseric\u00f2rdia, per\u00f2 ells van respondre fent injust\u00edcies i mis\u00e8ries. El Senyor ens ha cuidat, perqu\u00e8 ens constru\u00efm en Ell, en el seu [&hellip;]<\/p>\n","protected":false},"author":1,"featured_media":0,"comment_status":"open","ping_status":"open","sticky":false,"template":"","format":"standard","meta":{"_jetpack_memberships_contains_paid_content":false,"footnotes":""},"categories":[7],"tags":[],"class_list":["post-718","post","type-post","status-publish","format-standard","hentry","category-meditacions-diaries"],"jetpack_sharing_enabled":true,"jetpack_featured_media_url":"","_links":{"self":[{"href":"https:\/\/eec.cat\/blog\/wp-json\/wp\/v2\/posts\/718","targetHints":{"allow":["GET"]}}],"collection":[{"href":"https:\/\/eec.cat\/blog\/wp-json\/wp\/v2\/posts"}],"about":[{"href":"https:\/\/eec.cat\/blog\/wp-json\/wp\/v2\/types\/post"}],"author":[{"embeddable":true,"href":"https:\/\/eec.cat\/blog\/wp-json\/wp\/v2\/users\/1"}],"replies":[{"embeddable":true,"href":"https:\/\/eec.cat\/blog\/wp-json\/wp\/v2\/comments?post=718"}],"version-history":[{"count":0,"href":"https:\/\/eec.cat\/blog\/wp-json\/wp\/v2\/posts\/718\/revisions"}],"wp:attachment":[{"href":"https:\/\/eec.cat\/blog\/wp-json\/wp\/v2\/media?parent=718"}],"wp:term":[{"taxonomy":"category","embeddable":true,"href":"https:\/\/eec.cat\/blog\/wp-json\/wp\/v2\/categories?post=718"},{"taxonomy":"post_tag","embeddable":true,"href":"https:\/\/eec.cat\/blog\/wp-json\/wp\/v2\/tags?post=718"}],"curies":[{"name":"wp","href":"https:\/\/api.w.org\/{rel}","templated":true}]}}