{"id":713,"date":"2014-07-05T18:17:49","date_gmt":"2014-07-05T18:17:49","guid":{"rendered":"http:\/\/eec.cat\/blog\/?p=713"},"modified":"2014-07-05T18:19:05","modified_gmt":"2014-07-05T18:19:05","slug":"concert-de-festa-major","status":"publish","type":"post","link":"https:\/\/eec.cat\/blog\/concert-de-festa-major\/","title":{"rendered":"Concert de festa major"},"content":{"rendered":"<p><a href=\"http:\/\/eec.cat\/blog\/wp-content\/uploads\/2014\/07\/20140628-015_S.jpg\"><img loading=\"lazy\" decoding=\"async\" class=\"aligncenter size-medium wp-image-714\" src=\"http:\/\/eec.cat\/blog\/wp-content\/uploads\/2014\/07\/20140628-015_S-300x200.jpg\" alt=\"20140628-015_S\" width=\"300\" height=\"200\" srcset=\"https:\/\/eec.cat\/blog\/wp-content\/uploads\/2014\/07\/20140628-015_S-300x200.jpg 300w, https:\/\/eec.cat\/blog\/wp-content\/uploads\/2014\/07\/20140628-015_S-1024x682.jpg 1024w\" sizes=\"auto, (max-width: 300px) 100vw, 300px\" \/><\/a><\/p>\n<p>Dins de la Festa Major de Rub\u00ed que s\u2019acaba de celebrar, la comunitat de la I Esgl\u00e9sia Protestant de Rub\u00ed no ha volgut quedar-se al marge i va celebrar un concert de rock-celta el dia 28 de juny a la Pl. de Clav\u00e9 d\u2019aquella localitat.<\/p>\n<p>El grup anomenat SALM 150 no va defraudar a ning\u00fa. La seva m\u00fasica va arribar a tothom i tamb\u00e9 el seu missatge.<\/p>\n<p>La I Esgl\u00e9sia Protestant de Rub\u00ed sempre ha tingut una pres\u00e8ncia a la ciutat com a comunitat cristiana protestant i tamb\u00e9 es ben coneguda la seva obra social \u201cFrater Nadal\u201d d\u2019ajuda amb aliments a moltes fam\u00edlies.<\/p>\n<p>A la tardor vol endegar novament el F\u00f2rum Joan Vall\u00e8s amb confer\u00e8ncies de diferents tem\u00e0tiques que publicitarem a la web de l\u2019EEC perqu\u00e8 tothom pugui assistir-hi.<\/p>\n<p><a href=\"http:\/\/eec.cat\/blog\/wp-content\/uploads\/2014\/07\/20140628-107_S.jpg\"><img loading=\"lazy\" decoding=\"async\" class=\"aligncenter size-medium wp-image-716\" src=\"http:\/\/eec.cat\/blog\/wp-content\/uploads\/2014\/07\/20140628-107_S-300x200.jpg\" alt=\"20140628-107_S\" width=\"300\" height=\"200\" srcset=\"https:\/\/eec.cat\/blog\/wp-content\/uploads\/2014\/07\/20140628-107_S-300x200.jpg 300w, https:\/\/eec.cat\/blog\/wp-content\/uploads\/2014\/07\/20140628-107_S-1024x682.jpg 1024w\" sizes=\"auto, (max-width: 300px) 100vw, 300px\" \/><\/a><\/p>\n","protected":false},"excerpt":{"rendered":"<p>Dins de la Festa Major de Rub\u00ed que s\u2019acaba de celebrar, la comunitat de la I Esgl\u00e9sia Protestant de Rub\u00ed no ha volgut quedar-se al marge i va celebrar un concert de rock-celta el dia 28 de juny a la Pl. de Clav\u00e9 d\u2019aquella localitat. El grup anomenat SALM 150 no va defraudar a ning\u00fa. [&hellip;]<\/p>\n","protected":false},"author":1,"featured_media":0,"comment_status":"open","ping_status":"open","sticky":false,"template":"","format":"standard","meta":{"_jetpack_memberships_contains_paid_content":false,"footnotes":""},"categories":[5],"tags":[],"class_list":["post-713","post","type-post","status-publish","format-standard","hentry","category-activitats"],"jetpack_sharing_enabled":true,"jetpack_featured_media_url":"","_links":{"self":[{"href":"https:\/\/eec.cat\/blog\/wp-json\/wp\/v2\/posts\/713","targetHints":{"allow":["GET"]}}],"collection":[{"href":"https:\/\/eec.cat\/blog\/wp-json\/wp\/v2\/posts"}],"about":[{"href":"https:\/\/eec.cat\/blog\/wp-json\/wp\/v2\/types\/post"}],"author":[{"embeddable":true,"href":"https:\/\/eec.cat\/blog\/wp-json\/wp\/v2\/users\/1"}],"replies":[{"embeddable":true,"href":"https:\/\/eec.cat\/blog\/wp-json\/wp\/v2\/comments?post=713"}],"version-history":[{"count":0,"href":"https:\/\/eec.cat\/blog\/wp-json\/wp\/v2\/posts\/713\/revisions"}],"wp:attachment":[{"href":"https:\/\/eec.cat\/blog\/wp-json\/wp\/v2\/media?parent=713"}],"wp:term":[{"taxonomy":"category","embeddable":true,"href":"https:\/\/eec.cat\/blog\/wp-json\/wp\/v2\/categories?post=713"},{"taxonomy":"post_tag","embeddable":true,"href":"https:\/\/eec.cat\/blog\/wp-json\/wp\/v2\/tags?post=713"}],"curies":[{"name":"wp","href":"https:\/\/api.w.org\/{rel}","templated":true}]}}