{"id":710,"date":"2014-06-30T07:36:12","date_gmt":"2014-06-30T07:36:12","guid":{"rendered":"http:\/\/eec.cat\/blog\/?p=710"},"modified":"2014-06-30T07:37:37","modified_gmt":"2014-06-30T07:37:37","slug":"dia-dia-30-de-juny-6-de-juliol-2014","status":"publish","type":"post","link":"https:\/\/eec.cat\/blog\/dia-dia-30-de-juny-6-de-juliol-2014\/","title":{"rendered":"Dia a Dia. 30 de juny &#8211; 6 de juliol 2014"},"content":{"rendered":"<p><span style=\"text-decoration: underline;\"><strong><span style=\"color: #993366; text-decoration: underline;\"><a href=\"http:\/\/eec.cat\/blog\/wp-content\/uploads\/2014\/02\/camino.jpg\"><img loading=\"lazy\" decoding=\"async\" class=\"alignleft size-thumbnail wp-image-507\" src=\"http:\/\/eec.cat\/blog\/wp-content\/uploads\/2014\/02\/camino-150x150.jpg\" alt=\"camino\" width=\"150\" height=\"150\" \/><\/a>Dilluns, 30 de juny<\/span><\/strong><\/span><\/p>\n<p>Joan 20, 31-31<\/p>\n<p>Creu en Jes\u00fas \u00e9s acceptar la seva Paraula, i el llenguatge alliberador de D\u00e9u que ens ofereix, perqu\u00e8 els seus mots s\u00f3n vida nova, transformada, que pot es fa benedicci\u00f3 per els qui ens envolten. La mem\u00f2ria de la comunitat ha encarnat sempre, d\u2019una forma renovada, al Jes\u00fas fet Paraula de D\u00e9u per nosaltres.<\/p>\n<p><strong><span style=\"text-decoration: underline;\"><span style=\"color: #993366; text-decoration: underline;\">Dimarts, 1 de juliol<\/span><\/span><\/strong><\/p>\n<p>Isa\u00efes 1, 1<\/p>\n<p>La paraula del Senyor arriba sempre emmarcada dins de la hist\u00f2ria humana. El profeta no porta un missatge ali\u00e8 a les circumstancies del poble de D\u00e9u, ans al contrari all\u00f2 que ha de dir-nos es significatiu per all\u00f2 que ens succeeix, perqu\u00e8 D\u00e9u no es preocupa de la nostra \u00e0nima, sin\u00f3 de la nostra vida; D\u00e9u no mira el nostre futur, sin\u00f3 que ve a parlar-nos en el nostre present.<\/p>\n<p><strong><span style=\"text-decoration: underline;\"><span style=\"color: #993366; text-decoration: underline;\">Dimecres, 2 de juliol<\/span><\/span><\/strong><\/p>\n<p>Isa\u00efes 1, 2-9<\/p>\n<p>La profecia d\u2019Isa\u00efes s\u2019obre amb l\u2019acusaci\u00f3 de D\u00e9u vers el seu poble; un poble que l\u2019ha abandonat, que li ha girat l\u2019esquena. La desgr\u00e0cia d\u2019Israel no \u00e9s pas un problema de c\u00e0stig, sin\u00f3 de males decisions pol\u00edtiques, que s\u2019han pres per por a les fortes nacions ve\u00efnes. Quan la por ens guanya deixem de costat all\u00f2 que sabem \u00e9s correcte, all\u00f2 que D\u00e9u ens diu, per abocar-nos al desastre de, amb les nostres accions, intentar salvar-nos.<\/p>\n<p><strong><span style=\"text-decoration: underline;\"><span style=\"color: #993366; text-decoration: underline;\">Dijous, 3 de juliol<\/span><\/span><\/strong><\/p>\n<p>Isa\u00efes 1, 10-20<\/p>\n<p>El poble que ha donat l\u2019esquena a D\u00e9u segueix complint amb els seus ritus religiosos, per\u00f2, com podr\u00e0 D\u00e9u acceptar-los? No busca el nostre D\u00e9u, no ho ha fet mai, persones religioses, que compleixin amb all\u00f2 que se\u2019ls demana per\u00f2 que, en realitat, tenen els cors plens de maldat; D\u00e9u vol un poble que faci just\u00edcia, que aculli al desemparat. Solament hem d\u2019escoltar-lo, solament aix\u00f2 ens demana, perqu\u00e8 D\u00e9u vol perdonar.<\/p>\n<p><strong><span style=\"text-decoration: underline;\"><span style=\"color: #993366; text-decoration: underline;\">Divendres, 4 de juliol<\/span><\/span><\/strong><\/p>\n<p>Isa\u00efes 2, 2-5<\/p>\n<p>El missatge del profeta camina entre una realitat desoladora de desobedi\u00e8ncia i l\u2019esperan\u00e7a d\u2019un poble que tornar la seva mirada a D\u00e9u, l\u2019escolta, i es transforma en aquella benedicci\u00f3 per a les nacions, per la que fou creat. A Jerusalem, en mig del poble, D\u00e9u manifestar\u00e0 la seva saviesa, per transformar un m\u00f3n b\u00e8l\u00b7lic en una creaci\u00f3 pac\u00edfica, per\u00f2, per a fer-ho, el poble ha de caminar en la llum. Qu\u00e8 il\u00b7lumina les nostres passes?<\/p>\n<p><strong><span style=\"text-decoration: underline;\"><span style=\"color: #993366; text-decoration: underline;\">Dissabte, 5 de julio<\/span><\/span><\/strong><\/p>\n<p>Isa\u00efes 2, 10-22<\/p>\n<p>El poble de D\u00e9u ha oblidat qui \u00e9s Yahv\u00e9, la seva majestat, el seu poder; Ell \u00e9s per sobre de tot i de tots, Ell \u00e9s el Senyor de l\u2019univers. Com ens presentem davant D\u00e9u? Creiem que podem manegar-lo com a un \u00eddol? La humanitat \u00e9s altiva i orgullosa, creu que pot confiar en ella mateixa, que D\u00e9u no pot fer res. Hem conf\u00f3s paci\u00e8ncia amb debilitat, amor amb permissivitat, hem conf\u00f3s a D\u00e9u i hem oblidat qui \u00e9s el que ha vingut a viure en mig nostre.<\/p>\n<p><strong><span style=\"text-decoration: underline;\"><span style=\"color: #993366; text-decoration: underline;\">Diumenge, 6 de juliol<\/span><\/span><\/strong><\/p>\n<p>Isa\u00efes 3, 8-15<\/p>\n<p>Est\u00e0 of\u00e8s el Senyor, i ho est\u00e0 perqu\u00e8 aquells que havien de guiar al seu poble, en realitat l\u2019escanyen, els que havien de cuidar de les seves ovelles, les ofeguen a tributs, els hi roben tot el que tenen. Mira D\u00e9u la injust\u00edcia i no pot sofrir-la. Sota dirigents i mandataris sempre hi ha un poble, un que ha de viure segons la just\u00edcia que es marca des de dalt, per\u00f2 el Senyor mira al poble oprimit, i el vindica. El nostre D\u00e9u \u00e9s el D\u00e9u dels pobres.<\/p>\n","protected":false},"excerpt":{"rendered":"<p>Dilluns, 30 de juny Joan 20, 31-31 Creu en Jes\u00fas \u00e9s acceptar la seva Paraula, i el llenguatge alliberador de D\u00e9u que ens ofereix, perqu\u00e8 els seus mots s\u00f3n vida nova, transformada, que pot es fa benedicci\u00f3 per els qui ens envolten. La mem\u00f2ria de la comunitat ha encarnat sempre, d\u2019una forma renovada, al Jes\u00fas [&hellip;]<\/p>\n","protected":false},"author":1,"featured_media":0,"comment_status":"open","ping_status":"open","sticky":false,"template":"","format":"standard","meta":{"_jetpack_memberships_contains_paid_content":false,"footnotes":""},"categories":[7],"tags":[],"class_list":["post-710","post","type-post","status-publish","format-standard","hentry","category-meditacions-diaries"],"jetpack_sharing_enabled":true,"jetpack_featured_media_url":"","_links":{"self":[{"href":"https:\/\/eec.cat\/blog\/wp-json\/wp\/v2\/posts\/710","targetHints":{"allow":["GET"]}}],"collection":[{"href":"https:\/\/eec.cat\/blog\/wp-json\/wp\/v2\/posts"}],"about":[{"href":"https:\/\/eec.cat\/blog\/wp-json\/wp\/v2\/types\/post"}],"author":[{"embeddable":true,"href":"https:\/\/eec.cat\/blog\/wp-json\/wp\/v2\/users\/1"}],"replies":[{"embeddable":true,"href":"https:\/\/eec.cat\/blog\/wp-json\/wp\/v2\/comments?post=710"}],"version-history":[{"count":0,"href":"https:\/\/eec.cat\/blog\/wp-json\/wp\/v2\/posts\/710\/revisions"}],"wp:attachment":[{"href":"https:\/\/eec.cat\/blog\/wp-json\/wp\/v2\/media?parent=710"}],"wp:term":[{"taxonomy":"category","embeddable":true,"href":"https:\/\/eec.cat\/blog\/wp-json\/wp\/v2\/categories?post=710"},{"taxonomy":"post_tag","embeddable":true,"href":"https:\/\/eec.cat\/blog\/wp-json\/wp\/v2\/tags?post=710"}],"curies":[{"name":"wp","href":"https:\/\/api.w.org\/{rel}","templated":true}]}}