{"id":706,"date":"2014-06-26T12:51:36","date_gmt":"2014-06-26T12:51:36","guid":{"rendered":"http:\/\/eec.cat\/blog\/?p=706"},"modified":"2014-06-26T12:51:36","modified_gmt":"2014-06-26T12:51:36","slug":"concert-rubi","status":"publish","type":"post","link":"https:\/\/eec.cat\/blog\/concert-rubi\/","title":{"rendered":"Concert a Rub\u00ed"},"content":{"rendered":"<p>Dissabte 28 de juny es fa un concert que promou la Primera Esgl\u00e9sia Protestant de Rub\u00ed. M\u00fasica rock-celta en viu, a Pla\u00e7a de Clav\u00e9 a les 28:30 h.<\/p>\n<p><a href=\"http:\/\/eec.cat\/blog\/wp-content\/uploads\/2014\/06\/sal150.jpg\"><img loading=\"lazy\" decoding=\"async\" class=\"aligncenter size-full wp-image-707\" src=\"http:\/\/eec.cat\/blog\/wp-content\/uploads\/2014\/06\/sal150.jpg\" alt=\"sal150\" width=\"555\" height=\"793\" srcset=\"https:\/\/eec.cat\/blog\/wp-content\/uploads\/2014\/06\/sal150.jpg 555w, https:\/\/eec.cat\/blog\/wp-content\/uploads\/2014\/06\/sal150-209x300.jpg 209w\" sizes=\"auto, (max-width: 555px) 100vw, 555px\" \/><\/a><\/p>\n","protected":false},"excerpt":{"rendered":"<p>Dissabte 28 de juny es fa un concert que promou la Primera Esgl\u00e9sia Protestant de Rub\u00ed. M\u00fasica rock-celta en viu, a Pla\u00e7a de Clav\u00e9 a les 28:30 h.<\/p>\n","protected":false},"author":1,"featured_media":0,"comment_status":"open","ping_status":"open","sticky":false,"template":"","format":"standard","meta":{"_jetpack_memberships_contains_paid_content":false,"footnotes":""},"categories":[5],"tags":[],"class_list":["post-706","post","type-post","status-publish","format-standard","hentry","category-activitats"],"jetpack_featured_media_url":"","jetpack_sharing_enabled":true,"_links":{"self":[{"href":"https:\/\/eec.cat\/blog\/wp-json\/wp\/v2\/posts\/706","targetHints":{"allow":["GET"]}}],"collection":[{"href":"https:\/\/eec.cat\/blog\/wp-json\/wp\/v2\/posts"}],"about":[{"href":"https:\/\/eec.cat\/blog\/wp-json\/wp\/v2\/types\/post"}],"author":[{"embeddable":true,"href":"https:\/\/eec.cat\/blog\/wp-json\/wp\/v2\/users\/1"}],"replies":[{"embeddable":true,"href":"https:\/\/eec.cat\/blog\/wp-json\/wp\/v2\/comments?post=706"}],"version-history":[{"count":0,"href":"https:\/\/eec.cat\/blog\/wp-json\/wp\/v2\/posts\/706\/revisions"}],"wp:attachment":[{"href":"https:\/\/eec.cat\/blog\/wp-json\/wp\/v2\/media?parent=706"}],"wp:term":[{"taxonomy":"category","embeddable":true,"href":"https:\/\/eec.cat\/blog\/wp-json\/wp\/v2\/categories?post=706"},{"taxonomy":"post_tag","embeddable":true,"href":"https:\/\/eec.cat\/blog\/wp-json\/wp\/v2\/tags?post=706"}],"curies":[{"name":"wp","href":"https:\/\/api.w.org\/{rel}","templated":true}]}}