{"id":702,"date":"2014-06-23T06:53:34","date_gmt":"2014-06-23T06:53:34","guid":{"rendered":"http:\/\/eec.cat\/blog\/?p=702"},"modified":"2014-06-23T06:54:22","modified_gmt":"2014-06-23T06:54:22","slug":"dia-dia-23-de-juny-29-de-juny-2014","status":"publish","type":"post","link":"https:\/\/eec.cat\/blog\/dia-dia-23-de-juny-29-de-juny-2014\/","title":{"rendered":"Dia a Dia. 23 de juny &#8211; 29 de juny 2014."},"content":{"rendered":"<p><strong><span style=\"text-decoration: underline;\"><span style=\"color: #993366; text-decoration: underline;\"><a href=\"http:\/\/eec.cat\/blog\/wp-content\/uploads\/2013\/10\/port-de-la-selva.jpg\"><img loading=\"lazy\" decoding=\"async\" class=\"alignleft size-thumbnail wp-image-303\" src=\"http:\/\/eec.cat\/blog\/wp-content\/uploads\/2013\/10\/port-de-la-selva-150x150.jpg\" alt=\"port de la selva\" width=\"150\" height=\"150\" \/><\/a>Dilluns, 23 de juny<\/span><\/span><\/strong><\/p>\n<p>Joan 16, 12-15<\/p>\n<p>En l\u2019Esperit som inspirats per sentir la veu de Jes\u00fas, que \u00e9s Paraula de D\u00e9u, i veritat per les nostres vides. Aquest \u00e9s el do que se\u2019ns ha concedit, que en les paraules de la mem\u00f2ria del testimonis de la just\u00edcia de D\u00e9u, podem arribar a comprendre i encarnar all\u00f2 que \u00e9s el llenguatge transformador de la Veritat.<\/p>\n<p><strong><span style=\"text-decoration: underline;\"><span style=\"color: #993366; text-decoration: underline;\">Dimarts, 24 de juny<\/span><\/span><\/strong><\/p>\n<p>Joan 16, 20-22<\/p>\n<p>El goig del que parla Jes\u00fas no \u00e9s pas el de la rialla vana del que no viu dins d\u2019una realitat de patiment, sin\u00f3 la rialla d\u2019aquelles i aquells que viuen en la confian\u00e7a de que la seva Paraula \u00e9s veritat, i que en la seva resurrecci\u00f3 ha nascut una nova humanitat, que pateix per portar el Regne, per\u00f2 que triomfar\u00e0.<\/p>\n<p><strong><span style=\"text-decoration: underline;\"><span style=\"color: #993366; text-decoration: underline;\">Dimecres, 25 de juny<\/span><\/span><\/strong><\/p>\n<p>Joan 16, 31-33<\/p>\n<p>La vida de Jes\u00fas \u00e9s la de la humanitat compromesa que treballa per els altres, encara que no vulguin acollir-lo. En ell trobem les forces per tirar endavant nosaltres, quan tot es tor\u00e7a, quan tot ens falla. Ell va v\u00e8ncer el m\u00f3n, i el seu Esperit ens acompanya perqu\u00e8 tamb\u00e9 sortim victoriosos de la lluita.<\/p>\n<p><strong><span style=\"text-decoration: underline;\"><span style=\"color: #993366; text-decoration: underline;\">Dijous, 26 de juny<\/span><\/span><\/strong><\/p>\n<p>Joan 17, 6-19<\/p>\n<p>Jes\u00fas ens port\u00e0 la Paraula de D\u00e9u un nou llenguatge que ens ha transformat en noves criatures que viuen en mig d\u2019un m\u00f3n al que no pertanyen, no en el sentit de que som un \u00e9ssers espirituals que no tenim carn, sin\u00f3 en el fet que hem apr\u00e9s el llenguatge de D\u00e9u i, per tant, tenim la capacitat de crear noves realitats de just\u00edcia i miseric\u00f2rdia.<\/p>\n<p><strong><span style=\"text-decoration: underline;\"><span style=\"color: #993366; text-decoration: underline;\">Divendres, 27 de juny<\/span><\/span><\/strong><\/p>\n<p>Joan 17, 20-26<\/p>\n<p>Els que hem cregut per la paraula dels testimonis ens hem de construir en la unitat de l\u2019amor que ens ha ofert a totes i tots nostre Senyor Jes\u00fas, una unitat que \u00e9s manifesta en la pres\u00e8ncia de D\u00e9u entre nosaltres, m\u00e9s enll\u00e0 de les nostres difer\u00e8ncies, perqu\u00e8 la unitat \u00e9s en l\u2019amor no en pensament.<\/p>\n<p><strong><span style=\"text-decoration: underline;\"><span style=\"color: #993366; text-decoration: underline;\">Dissabte, 28 de juny<\/span><\/span><\/strong><\/p>\n<p>Joan 18, 36-37<\/p>\n<p>El Regne de Jes\u00fas \u00e9s el Regne de D\u00e9u que no s\u2019imposa, sin\u00f3 que crida i acull a aquells que senten la seva veu, aquells que s\u00f3n fills de la veritat. El Regne de Jes\u00fas no es sembla als regnes del homes, treballa des de la humilitat del servei per donar testimoni de la veritat dita en Paraula del Senyor.<\/p>\n<p><strong><span style=\"text-decoration: underline;\"><span style=\"color: #993366; text-decoration: underline;\">Diumenge, 29 de juny<\/span><\/span><\/strong><\/p>\n<p>Mateu 28, 18-20<\/p>\n<p>En les nostres paraules aprenen els altres quina \u00e9s la veu de D\u00e9u, en el llenguatge que constru\u00efm dibuixem davant els que ens envolten el m\u00f3n que viu en el Regne del Cel. Com parlarem? Quin llenguatge creador utilitzarem? Fer deixebles \u00e9s treballar amb aquells que volen escoltar la Paraula de D\u00e9u per alliberar el seu llenguatge de la opressi\u00f3 d\u2019un m\u00f3n que esclavitza.<\/p>\n","protected":false},"excerpt":{"rendered":"<p>Dilluns, 23 de juny Joan 16, 12-15 En l\u2019Esperit som inspirats per sentir la veu de Jes\u00fas, que \u00e9s Paraula de D\u00e9u, i veritat per les nostres vides. Aquest \u00e9s el do que se\u2019ns ha concedit, que en les paraules de la mem\u00f2ria del testimonis de la just\u00edcia de D\u00e9u, podem arribar a comprendre i [&hellip;]<\/p>\n","protected":false},"author":1,"featured_media":0,"comment_status":"open","ping_status":"open","sticky":false,"template":"","format":"standard","meta":{"_jetpack_memberships_contains_paid_content":false,"footnotes":""},"categories":[7],"tags":[],"class_list":["post-702","post","type-post","status-publish","format-standard","hentry","category-meditacions-diaries"],"jetpack_sharing_enabled":true,"jetpack_featured_media_url":"","_links":{"self":[{"href":"https:\/\/eec.cat\/blog\/wp-json\/wp\/v2\/posts\/702","targetHints":{"allow":["GET"]}}],"collection":[{"href":"https:\/\/eec.cat\/blog\/wp-json\/wp\/v2\/posts"}],"about":[{"href":"https:\/\/eec.cat\/blog\/wp-json\/wp\/v2\/types\/post"}],"author":[{"embeddable":true,"href":"https:\/\/eec.cat\/blog\/wp-json\/wp\/v2\/users\/1"}],"replies":[{"embeddable":true,"href":"https:\/\/eec.cat\/blog\/wp-json\/wp\/v2\/comments?post=702"}],"version-history":[{"count":0,"href":"https:\/\/eec.cat\/blog\/wp-json\/wp\/v2\/posts\/702\/revisions"}],"wp:attachment":[{"href":"https:\/\/eec.cat\/blog\/wp-json\/wp\/v2\/media?parent=702"}],"wp:term":[{"taxonomy":"category","embeddable":true,"href":"https:\/\/eec.cat\/blog\/wp-json\/wp\/v2\/categories?post=702"},{"taxonomy":"post_tag","embeddable":true,"href":"https:\/\/eec.cat\/blog\/wp-json\/wp\/v2\/tags?post=702"}],"curies":[{"name":"wp","href":"https:\/\/api.w.org\/{rel}","templated":true}]}}