{"id":695,"date":"2014-06-21T16:43:22","date_gmt":"2014-06-21T16:43:22","guid":{"rendered":"http:\/\/eec.cat\/blog\/?p=695"},"modified":"2014-06-21T16:52:23","modified_gmt":"2014-06-21T16:52:23","slug":"ha-passat-la-presencia-del-senyor-el-pastor-francisco-manzanas","status":"publish","type":"post","link":"https:\/\/eec.cat\/blog\/ha-passat-la-presencia-del-senyor-el-pastor-francisco-manzanas\/","title":{"rendered":"Ha passat a la pres\u00e8ncia del Senyor el pastor Francisco Manzanas"},"content":{"rendered":"<figure id=\"attachment_696\" aria-describedby=\"caption-attachment-696\" style=\"width: 150px\" class=\"wp-caption alignleft\"><a href=\"http:\/\/eec.cat\/blog\/wp-content\/uploads\/2014\/06\/francisco-manzanas.jpg\"><img loading=\"lazy\" decoding=\"async\" class=\"size-thumbnail wp-image-696\" src=\"http:\/\/eec.cat\/blog\/wp-content\/uploads\/2014\/06\/francisco-manzanas-150x150.jpg\" alt=\"Francisco Manzanas\" width=\"150\" height=\"150\" \/><\/a><figcaption id=\"caption-attachment-696\" class=\"wp-caption-text\">Francisco Manzanas<\/figcaption><\/figure>\n<p>Font: Iglesia Evangelica Espa\u00f1ola.<\/p>\n<p>Aquest mat\u00ed ha passat a la pres\u00e8ncia del Senyo en Francisco Manzanas, pastor que va ser de l\u00b4Esgl\u00e9sia Evang\u00e8lica Espanyola a Alacant.<\/p>\n<p>Link amb la not\u00edcia: Cliqueu <a href=\"http:\/\/www.iee-es.org\/blog\/blog\/el-pastor-francisco-manzanas-ha-pasado-la-presencia-del-senor\/\">aqu\u00ed<\/a>.<\/p>\n<p>&nbsp;<\/p>\n","protected":false},"excerpt":{"rendered":"<p>Font: Iglesia Evangelica Espa\u00f1ola. Aquest mat\u00ed ha passat a la pres\u00e8ncia del Senyo en Francisco Manzanas, pastor que va ser de l\u00b4Esgl\u00e9sia Evang\u00e8lica Espanyola a Alacant. Link amb la not\u00edcia: Cliqueu aqu\u00ed. &nbsp;<\/p>\n","protected":false},"author":1,"featured_media":0,"comment_status":"open","ping_status":"open","sticky":false,"template":"","format":"standard","meta":{"_jetpack_memberships_contains_paid_content":false,"footnotes":""},"categories":[4],"tags":[],"class_list":["post-695","post","type-post","status-publish","format-standard","hentry","category-noticies"],"jetpack_sharing_enabled":true,"jetpack_featured_media_url":"","_links":{"self":[{"href":"https:\/\/eec.cat\/blog\/wp-json\/wp\/v2\/posts\/695","targetHints":{"allow":["GET"]}}],"collection":[{"href":"https:\/\/eec.cat\/blog\/wp-json\/wp\/v2\/posts"}],"about":[{"href":"https:\/\/eec.cat\/blog\/wp-json\/wp\/v2\/types\/post"}],"author":[{"embeddable":true,"href":"https:\/\/eec.cat\/blog\/wp-json\/wp\/v2\/users\/1"}],"replies":[{"embeddable":true,"href":"https:\/\/eec.cat\/blog\/wp-json\/wp\/v2\/comments?post=695"}],"version-history":[{"count":0,"href":"https:\/\/eec.cat\/blog\/wp-json\/wp\/v2\/posts\/695\/revisions"}],"wp:attachment":[{"href":"https:\/\/eec.cat\/blog\/wp-json\/wp\/v2\/media?parent=695"}],"wp:term":[{"taxonomy":"category","embeddable":true,"href":"https:\/\/eec.cat\/blog\/wp-json\/wp\/v2\/categories?post=695"},{"taxonomy":"post_tag","embeddable":true,"href":"https:\/\/eec.cat\/blog\/wp-json\/wp\/v2\/tags?post=695"}],"curies":[{"name":"wp","href":"https:\/\/api.w.org\/{rel}","templated":true}]}}