{"id":691,"date":"2014-06-16T07:11:11","date_gmt":"2014-06-16T07:11:11","guid":{"rendered":"http:\/\/eec.cat\/blog\/?p=691"},"modified":"2014-06-16T07:12:13","modified_gmt":"2014-06-16T07:12:13","slug":"dia-dia-16-de-juny-22-de-juny","status":"publish","type":"post","link":"https:\/\/eec.cat\/blog\/dia-dia-16-de-juny-22-de-juny\/","title":{"rendered":"Dia a Dia. 16 de juny &#8211; 22 de juny"},"content":{"rendered":"<p><strong><span style=\"text-decoration: underline;\"><a href=\"http:\/\/eec.cat\/blog\/wp-content\/uploads\/2013\/09\/palmeras.jpg\"><img loading=\"lazy\" decoding=\"async\" class=\"alignleft size-thumbnail wp-image-286\" src=\"http:\/\/eec.cat\/blog\/wp-content\/uploads\/2013\/09\/palmeras-150x150.jpg\" alt=\"palmeras\" width=\"150\" height=\"150\" \/><\/a><span style=\"color: #993366; text-decoration: underline;\">Dilluns, 16 de juny<\/span><\/span><\/strong><\/p>\n<p>Joan 13, 14-16<\/p>\n<p>En l\u2019exemple de Jes\u00fas nosaltres ens oferim els uns als altres com a servents, per\u00f2 solament dins la nostra comunitat, sin\u00f3 que ens donem al m\u00f3n per ajudar-lo i treballar per ell. Perqu\u00e8 en Jes\u00fas hem trobat el ple significat del servei, que no \u00e9s servitud, sin\u00f3 donaci\u00f3 plena.<\/p>\n<p><strong><span style=\"text-decoration: underline;\"><span style=\"color: #993366; text-decoration: underline;\">Dimarts, 17 de juny<\/span><\/span><\/strong><\/p>\n<p>Joan 14, 1-7<\/p>\n<p>Moltes vegades ens \u00e9s f\u00e0cil de creure en un D\u00e9u que \u00e9s all\u00e0 al cel, lluny de la humanitat, per\u00f2 el nostre D\u00e9u \u00e9s el que s\u2019ha fet un de nosaltres, per mostrar-nos al Pare, per apropar-nos al que \u00e9s, en realitat, totalment diferent de nosaltres. El cam\u00ed de Jes\u00fas \u00e9s un cam\u00ed que porta al cel, per\u00f2 no despr\u00e9s de la nostra mort, sin\u00f3 en el mateix instant en que l\u2019escoltem.<\/p>\n<p><strong><span style=\"text-decoration: underline;\"><span style=\"color: #993366; text-decoration: underline;\">Dimecres, 18 de juny<\/span><\/span><\/strong><\/p>\n<p>Joan 14, 23<\/p>\n<p>La promesa de que D\u00e9u habiti amb nosaltres ens ha d\u2019omplir de goig, si estimem D\u00e9u i encarnem la seva Paraula, com a nou llenguatge creador, aleshores la sabrem que Ell no ens abandonar\u00e0, no ens deixar\u00e0 mai, i en cada pas, en cada nova etapa, ell ser\u00e0 amb nosaltres.<\/p>\n<p><strong><span style=\"text-decoration: underline;\"><span style=\"color: #993366; text-decoration: underline;\">Dijous, 19 de juny<\/span><\/span><\/strong><\/p>\n<p>Joan 14, 27<\/p>\n<p>La pau de Jes\u00fas no \u00e9s pas l\u2019abs\u00e8ncia de guerra, sin\u00f3 el benestar suprem d\u2019estar reconciliats plenament amb D\u00e9u. Aquesta \u00e9s una pau que ens porta a lluitar per el seu Regne, per fer just\u00edcia, per omplir de miseric\u00f2rdia totes les vides. Una pau que ens calma el cor en mig de la contesa i ens d\u00f3na forces per tirar endavant.<\/p>\n<p><strong><span style=\"text-decoration: underline;\"><span style=\"color: #993366; text-decoration: underline;\">Divendres, 20 de juny<\/span><\/span><\/strong><\/p>\n<p>Joan 15, 1-5<\/p>\n<p>Ens aferrem a la Paraula viva, ens alimentem d\u2019ella i del seu llenguatge alliberador que ens ofereix noves paraules, plenes de significat, per transformar les nostres realitats. Solament aferrats a Jes\u00fas podrem canviar el m\u00f3n, ell \u00e9s la nostra vida que omple de veritat all\u00f2 que nosaltres fem i diem, inspirats en ell.<\/p>\n<p><strong><span style=\"text-decoration: underline;\"><span style=\"color: #993366; text-decoration: underline;\">Dissabte, 21 de juny<\/span><\/span><\/strong><\/p>\n<p>Joan 15, 12-17<\/p>\n<p>L\u2019amor que ens uneix \u00e9s el fet de que Jes\u00fas ens ha ofert la seva amistat, en ell ens unim els uns al altres, i en el seu exemple ens oferim, en servei, a la comunitat que ell a format. \u00c9s a trav\u00e9s de la amistat que ens ha sigut donada que ens podem estimar, com ell ens va estimar a nosaltres.<\/p>\n<p><strong><span style=\"text-decoration: underline;\"><span style=\"color: #993366; text-decoration: underline;\">Diumenge, 22 de juny<\/span><\/span><\/strong><\/p>\n<p>Joan 15, 18-21<\/p>\n<p>No som del m\u00f3n, perqu\u00e8 hem abandonat el llenguatge de l\u2019Imperi per abra\u00e7ar la Paraula de D\u00e9u que vol crear noves realitats de just\u00edcia i pau per tots i totes. Per aix\u00f2 el m\u00f3n no ens comprendr\u00e0, perqu\u00e8 segueix tancat dins el discurs engany\u00f3s de la opressi\u00f3.<\/p>\n","protected":false},"excerpt":{"rendered":"<p>Dilluns, 16 de juny Joan 13, 14-16 En l\u2019exemple de Jes\u00fas nosaltres ens oferim els uns als altres com a servents, per\u00f2 solament dins la nostra comunitat, sin\u00f3 que ens donem al m\u00f3n per ajudar-lo i treballar per ell. Perqu\u00e8 en Jes\u00fas hem trobat el ple significat del servei, que no \u00e9s servitud, sin\u00f3 donaci\u00f3 [&hellip;]<\/p>\n","protected":false},"author":1,"featured_media":0,"comment_status":"open","ping_status":"open","sticky":false,"template":"","format":"standard","meta":{"_jetpack_memberships_contains_paid_content":false,"footnotes":""},"categories":[7],"tags":[],"class_list":["post-691","post","type-post","status-publish","format-standard","hentry","category-meditacions-diaries"],"jetpack_sharing_enabled":true,"jetpack_featured_media_url":"","_links":{"self":[{"href":"https:\/\/eec.cat\/blog\/wp-json\/wp\/v2\/posts\/691","targetHints":{"allow":["GET"]}}],"collection":[{"href":"https:\/\/eec.cat\/blog\/wp-json\/wp\/v2\/posts"}],"about":[{"href":"https:\/\/eec.cat\/blog\/wp-json\/wp\/v2\/types\/post"}],"author":[{"embeddable":true,"href":"https:\/\/eec.cat\/blog\/wp-json\/wp\/v2\/users\/1"}],"replies":[{"embeddable":true,"href":"https:\/\/eec.cat\/blog\/wp-json\/wp\/v2\/comments?post=691"}],"version-history":[{"count":0,"href":"https:\/\/eec.cat\/blog\/wp-json\/wp\/v2\/posts\/691\/revisions"}],"wp:attachment":[{"href":"https:\/\/eec.cat\/blog\/wp-json\/wp\/v2\/media?parent=691"}],"wp:term":[{"taxonomy":"category","embeddable":true,"href":"https:\/\/eec.cat\/blog\/wp-json\/wp\/v2\/categories?post=691"},{"taxonomy":"post_tag","embeddable":true,"href":"https:\/\/eec.cat\/blog\/wp-json\/wp\/v2\/tags?post=691"}],"curies":[{"name":"wp","href":"https:\/\/api.w.org\/{rel}","templated":true}]}}