{"id":688,"date":"2014-06-11T07:48:16","date_gmt":"2014-06-11T07:48:16","guid":{"rendered":"http:\/\/eec.cat\/blog\/?p=688"},"modified":"2014-06-11T07:48:16","modified_gmt":"2014-06-11T07:48:16","slug":"pau-religions-al-barri-del-raval","status":"publish","type":"post","link":"https:\/\/eec.cat\/blog\/pau-religions-al-barri-del-raval\/","title":{"rendered":"Pau i religions al barri del Raval"},"content":{"rendered":"<p><a href=\"http:\/\/eec.cat\/blog\/wp-content\/uploads\/2014\/06\/Raval.jpeg\"><img loading=\"lazy\" decoding=\"async\" class=\"alignleft size-thumbnail wp-image-689\" src=\"http:\/\/eec.cat\/blog\/wp-content\/uploads\/2014\/06\/Raval-150x150.jpeg\" alt=\"Raval\" width=\"150\" height=\"150\" \/><\/a>Font: Catalunya cristiana<br \/>\n(David Casals i Vila &#8211; CR)\u00a0\u201cHi ha moltes i importants difer\u00e8ncies entre nosaltres, per\u00f2 hi ha tamb\u00e9 un terreny com\u00fa des d&#8217;on operar junts amb vistes a la soluci\u00f3 del repte de la nostre \u00e8poca: la pau veritable\u201d.<\/p>\n<p>Aquesta \u00e9s una de les aportacions del manifest que es va llegir aquest dimecres durant una trobada de religions, la\u00a0segona\u00a0Celebraci\u00f3 Interreligiosa de la Pasqua, que es va fer en ple carrer, a la Rambla del Raval de Barcelona, organitzada pel grup de di\u00e0leg interreligi\u00f3s del barri. Mentre els grans llegien textos i parlaven de la pau com a \u201cdenominador com\u00fa\u201d entre les tradicions religioses, els m\u00e9s petits tamb\u00e9 van dir-hi la seva. A la part final de la trobada interreligiosa, van fer enlairar desenes de globus de color blanc, on hi havia escrit la paraula &#8216;pau&#8217; en les diferents lleng\u00fces que es parlen en el barri. Catal\u00e0, castell\u00e0 i angl\u00e8s, per\u00f2 tamb\u00e9 \u00e0rab i urd\u00fa.<\/p>\n<p>El manifest que van elaborar des del grup de di\u00e0leg interreligi\u00f3s del Raval remarca la contribuci\u00f3 per a la pau que fan les religions. I aix\u00f2 t\u00e9 conseq\u00fc\u00e8ncies: consolidar la cultura de la pau a la societat \u201cplanteja el repte d&#8217;una qualitat de vida convenient per a tots, la superaci\u00f3 de tot racisme, la llibertat religiosa, una economia al servei de la persona, una educaci\u00f3 i sanitat dignes per a tothom, protegir la natura\u201d, entre altres reptes.<\/p>\n<p>La pau \u00e9s una tasca oberta a tothom, \u00e9s una responsabilitat universal\u201d, que es tradueix tamb\u00e9 en els \u201cmilers de petits actes de la vida di\u00e0ria\u201d, conclou el manifest.<\/p>\n<p>A l&#8217;acte, hi van assistir el director d&#8217;Afers Religiosos de la Generalitat,\u00a0<strong>Enric Vendrell<\/strong>; la sots-directora,\u00a0<strong>Carme Ba\u00f1eres<\/strong>, i\u00a0<strong>Cristina Monteys<\/strong>\u00a0representant l&#8217;Oficina d&#8217;Afers Religiosos de l&#8217;Ajuntament de Barcelona.<\/p>\n<p><strong>Tradici\u00f3 consolidada<\/strong><\/p>\n<p>Gr\u00e0cies a l&#8217;acci\u00f3 de les comunitats religioses, i tamb\u00e9 al suport i la sensibilitat de les administracions p\u00fabliques, \u00e9s habitual que en el barri del Raval es celebrin trobades interreligioses. El\u00a0Grup Interreligi\u00f3s del Raval\u00a0est\u00e0 gestionat per la Fundaci\u00f3 Tot Raval i \u00e9s el segon any que organitza aquesta jornada coincidint amb la Pasqua cristiana.<\/p>\n<p>De fet, \u00e9s un dels llocs m\u00e9s diversos de la ciutat, en termes religiosos: avui dia hi ha esgl\u00e9sies evang\u00e8liques de diferents denominacions, dues comunitats musulmanes, una de sikh, entre altres. Les religions minorit\u00e0ries estan presents des del tercer ter\u00e7 del segle XIX, amb l&#8217;arribada de missioners evang\u00e8lics.<\/p>\n<p>El grup s&#8217;inclou en el\u00a0programa d&#8217;intervenci\u00f3 comunit\u00e0ria\u00a0intercultural que t\u00e9 el suport de l&#8217;Obra Social &#8220;la Caixa&#8221;\u00a0i est\u00e0 format pel\u00a0Consell Isl\u00e0mic de Catalunya, el Centre Isl\u00e0mic \u201cCam\u00ed de la Pau\u201d, la Comunitat Parroquial del Carme, el Centro Filipino Tuluy\u00e1n-San Benito, l&#8217;Associaci\u00f3 Interculturalitat i Conviv\u00e8ncia, la Fundaci\u00f3 Benallar, la Comunitat Teresiana, l&#8217;Esgl\u00e9sia Protestant Barcelona Centre, l&#8217;Associaci\u00f3 Sociocultural Ibn Batuta, l&#8217;Associaci\u00f3 AMICAL dels immigrants marroquins a Catalunya, l&#8217;Associaci\u00f3 Cultural, educativa i social operativa de dones pakistaneses (ACESOP), el Temple Sikh Gurdwara Guru Darshan Sahib, l&#8217;Associaci\u00f3 UNESCO per al Di\u00e0leg Interreligi\u00f3s, l&#8217;Oficina d\u2019Afers Religiosos de l\u2019Ajuntament de Barcelona i la Fundaci\u00f3 Tot Raval.<\/p>\n","protected":false},"excerpt":{"rendered":"<p>Font: Catalunya cristiana (David Casals i Vila &#8211; CR)\u00a0\u201cHi ha moltes i importants difer\u00e8ncies entre nosaltres, per\u00f2 hi ha tamb\u00e9 un terreny com\u00fa des d&#8217;on operar junts amb vistes a la soluci\u00f3 del repte de la nostre \u00e8poca: la pau veritable\u201d. Aquesta \u00e9s una de les aportacions del manifest que es va llegir aquest dimecres [&hellip;]<\/p>\n","protected":false},"author":1,"featured_media":0,"comment_status":"open","ping_status":"open","sticky":false,"template":"","format":"standard","meta":{"_jetpack_memberships_contains_paid_content":false,"footnotes":""},"categories":[6],"tags":[],"class_list":["post-688","post","type-post","status-publish","format-standard","hentry","category-reflexions"],"jetpack_sharing_enabled":true,"jetpack_featured_media_url":"","_links":{"self":[{"href":"https:\/\/eec.cat\/blog\/wp-json\/wp\/v2\/posts\/688","targetHints":{"allow":["GET"]}}],"collection":[{"href":"https:\/\/eec.cat\/blog\/wp-json\/wp\/v2\/posts"}],"about":[{"href":"https:\/\/eec.cat\/blog\/wp-json\/wp\/v2\/types\/post"}],"author":[{"embeddable":true,"href":"https:\/\/eec.cat\/blog\/wp-json\/wp\/v2\/users\/1"}],"replies":[{"embeddable":true,"href":"https:\/\/eec.cat\/blog\/wp-json\/wp\/v2\/comments?post=688"}],"version-history":[{"count":0,"href":"https:\/\/eec.cat\/blog\/wp-json\/wp\/v2\/posts\/688\/revisions"}],"wp:attachment":[{"href":"https:\/\/eec.cat\/blog\/wp-json\/wp\/v2\/media?parent=688"}],"wp:term":[{"taxonomy":"category","embeddable":true,"href":"https:\/\/eec.cat\/blog\/wp-json\/wp\/v2\/categories?post=688"},{"taxonomy":"post_tag","embeddable":true,"href":"https:\/\/eec.cat\/blog\/wp-json\/wp\/v2\/tags?post=688"}],"curies":[{"name":"wp","href":"https:\/\/api.w.org\/{rel}","templated":true}]}}