{"id":686,"date":"2014-06-09T08:13:42","date_gmt":"2014-06-09T08:13:42","guid":{"rendered":"http:\/\/eec.cat\/blog\/?p=686"},"modified":"2014-06-09T08:14:32","modified_gmt":"2014-06-09T08:14:32","slug":"dia-dia-9-de-juny-15-de-juny-2014","status":"publish","type":"post","link":"https:\/\/eec.cat\/blog\/dia-dia-9-de-juny-15-de-juny-2014\/","title":{"rendered":"Dia a Dia. 9 de juny &#8211; 15 de juny 2014"},"content":{"rendered":"<p><span style=\"color: #993366;\"><strong><span style=\"text-decoration: underline;\"><span style=\"text-decoration: underline;\"><a href=\"http:\/\/eec.cat\/blog\/wp-content\/uploads\/2013\/09\/REGATAS.jpg\"><img loading=\"lazy\" decoding=\"async\" class=\"alignleft size-thumbnail wp-image-289\" src=\"http:\/\/eec.cat\/blog\/wp-content\/uploads\/2013\/09\/REGATAS-150x150.jpg\" alt=\"REGATAS\" width=\"150\" height=\"150\" \/><\/a>Dilluns, 9 de juny<\/span><\/span><\/strong><\/span><\/p>\n<p>Joan 8, 34-36<\/p>\n<p>\u00c9s en la Paraula de Jes\u00fas que se\u2019ns ofereix la veritable llibertat, una llibertat que construeix un nou m\u00f3n, omplin de veritable sentit totes les paraules que diu i que fa. Hem sigut fets lliures, no pas per fer el que vulguem, sin\u00f3 per trencar les cadenes que ens impedeixen de utilitzar el llenguatge de D\u00e9u.<\/p>\n<p><strong><span style=\"text-decoration: underline;\"><span style=\"color: #993366; text-decoration: underline;\">Dimarts, 10 de juny<\/span><\/span><\/strong><\/p>\n<p>Joan 8, 44-47<\/p>\n<p>El mal que regne en mig d\u2019aquest m\u00f3n no vol entendre les Paraules de Jes\u00fas, no vol obrir-se al nou llenguatge de D\u00e9u, perqu\u00e8 en mig de la construcci\u00f3 dels seus mots ha aconseguit esclavitzar la humanitat, per\u00f2 qui \u00e9s de D\u00e9u sentir\u00e0 la seva Paraula i s\u2019alliberar\u00e0 de les cadenes del mal que ens volen lligar a la mentida.<\/p>\n<p><strong><span style=\"text-decoration: underline;\"><span style=\"color: #993366; text-decoration: underline;\">Dimecres, 11 de juny<\/span><\/span><\/strong><\/p>\n<p>Joan 8, 54-55<\/p>\n<p>Jes\u00fas \u00e9s qui coneix al Pare, si el nostre D\u00e9u no \u00e9s sembla al que ell explica, aleshores \u00e9s que no coneixem a D\u00e9u. Si el dubte entra al nostre cor i el Pare ens sembla lluny\u00e0, solament em de mirar Jes\u00fas per veure en Ell, i en el que fa, la gloria del Pare que ens ha vingut a mostrar.<\/p>\n<p><strong><span style=\"text-decoration: underline;\"><span style=\"color: #993366; text-decoration: underline;\">Dijous, 12 de juny<\/span><\/span><\/strong><\/p>\n<p>Joan 10, 17-18<\/p>\n<p>El m\u00e9s meravell\u00f3s de la donaci\u00f3 de Jes\u00fas per nosaltres, \u00e9s que ell posa volunt\u00e0riament la seva vida a la nostra disposici\u00f3. Ell s\u2019ofereix per nosaltres, amb la voluntat de poder transformar aquest m\u00f3n en un lloc millor. L\u2019amor el va moure a deixar enrere tot el que era, per a ser un de nosaltres.<\/p>\n<p><strong><span style=\"text-decoration: underline;\"><span style=\"color: #993366; text-decoration: underline;\">Divendres, 13 de juny<\/span><\/span><\/strong><\/p>\n<p>Joan 10, 25-30<\/p>\n<p>Som ovelles del Senyor, perqu\u00e8 quan ens va cridar vam sentir la seva veu, estem guardats en les mans del D\u00e9u alt\u00edssim que cuida de nosaltres i ens ofereix bona pastura, perqu\u00e8 ens alimentem del seu llenguatge que transforma la nostra realitat.<\/p>\n<p><strong><span style=\"text-decoration: underline;\"><span style=\"color: #993366; text-decoration: underline;\">Dissabte, 14 de juny<\/span><\/span><\/strong><\/p>\n<p>Joan 11, 25-26<\/p>\n<p>En Jes\u00fas tenim la promesa de que no morirem eternament, per\u00f2 tamb\u00e9 la promesa de que no morirem en vida, sin\u00f3 que ens omplir\u00e0 d\u2019ell mateix per omplir-nos, a nosaltres, del veritable sentit del que significa viure. Encara que, en aquest m\u00f3n, podem patir fins a sentir-nos morir, sabem que en Jes\u00fas tot \u00e9s tornar\u00e0 de nou vida en nosaltres.<\/p>\n<p><strong><span style=\"text-decoration: underline;\"><span style=\"color: #993366; text-decoration: underline;\">Diumenge, 15 de juny<\/span><\/span><\/strong><\/p>\n<p>Joan 12, 44-50<\/p>\n<p>En Jes\u00fas se\u2019ns ofereix la Paraula veritable de D\u00e9u, en Ell, en els seus camins, les seves accions, i els seus discursos trobem l\u2019ess\u00e8ncia del Pare que no ve a jutjar-nos, sin\u00f3 ha oferir-nos una nova realitat, pensada des de l\u2019inici de la creaci\u00f3, per a tota la seva humanitat. Jes\u00fas \u00e9s la llum que ens mostra el Pare d\u2019amor.<\/p>\n","protected":false},"excerpt":{"rendered":"<p>Dilluns, 9 de juny Joan 8, 34-36 \u00c9s en la Paraula de Jes\u00fas que se\u2019ns ofereix la veritable llibertat, una llibertat que construeix un nou m\u00f3n, omplin de veritable sentit totes les paraules que diu i que fa. Hem sigut fets lliures, no pas per fer el que vulguem, sin\u00f3 per trencar les cadenes que [&hellip;]<\/p>\n","protected":false},"author":1,"featured_media":0,"comment_status":"open","ping_status":"open","sticky":false,"template":"","format":"standard","meta":{"_jetpack_memberships_contains_paid_content":false,"footnotes":""},"categories":[7],"tags":[],"class_list":["post-686","post","type-post","status-publish","format-standard","hentry","category-meditacions-diaries"],"jetpack_sharing_enabled":true,"jetpack_featured_media_url":"","_links":{"self":[{"href":"https:\/\/eec.cat\/blog\/wp-json\/wp\/v2\/posts\/686","targetHints":{"allow":["GET"]}}],"collection":[{"href":"https:\/\/eec.cat\/blog\/wp-json\/wp\/v2\/posts"}],"about":[{"href":"https:\/\/eec.cat\/blog\/wp-json\/wp\/v2\/types\/post"}],"author":[{"embeddable":true,"href":"https:\/\/eec.cat\/blog\/wp-json\/wp\/v2\/users\/1"}],"replies":[{"embeddable":true,"href":"https:\/\/eec.cat\/blog\/wp-json\/wp\/v2\/comments?post=686"}],"version-history":[{"count":0,"href":"https:\/\/eec.cat\/blog\/wp-json\/wp\/v2\/posts\/686\/revisions"}],"wp:attachment":[{"href":"https:\/\/eec.cat\/blog\/wp-json\/wp\/v2\/media?parent=686"}],"wp:term":[{"taxonomy":"category","embeddable":true,"href":"https:\/\/eec.cat\/blog\/wp-json\/wp\/v2\/categories?post=686"},{"taxonomy":"post_tag","embeddable":true,"href":"https:\/\/eec.cat\/blog\/wp-json\/wp\/v2\/tags?post=686"}],"curies":[{"name":"wp","href":"https:\/\/api.w.org\/{rel}","templated":true}]}}