{"id":670,"date":"2014-06-08T19:28:41","date_gmt":"2014-06-08T19:28:41","guid":{"rendered":"http:\/\/eec.cat\/blog\/?p=670"},"modified":"2014-06-08T19:33:58","modified_gmt":"2014-06-08T19:33:58","slug":"pregaria-ecumenica-19-de-juny","status":"publish","type":"post","link":"https:\/\/eec.cat\/blog\/pregaria-ecumenica-19-de-juny\/","title":{"rendered":"Preg\u00e0ria Ecum\u00e8nica 19 de juny"},"content":{"rendered":"<p><a href=\"http:\/\/eec.cat\/blog\/wp-content\/uploads\/2014\/06\/acat.png\"><img loading=\"lazy\" decoding=\"async\" class=\"alignleft size-thumbnail wp-image-673\" src=\"http:\/\/eec.cat\/blog\/wp-content\/uploads\/2014\/06\/acat-150x150.png\" alt=\"acat\" width=\"150\" height=\"150\" \/><\/a>Anunci de la preg\u00e0ria de fi de curs que tindr\u00e0 lloc el proper dijous 19 de juny, dins el res de Vespres a la Cominitat de les Benetes.<\/p>\n<p>Esperem poder saludar-nos aquell dia.<\/p>\n<p>Al mateix dia tamb\u00e9 te lloc la preg\u00e0ria de ACAT Girona.<\/p>\n<p>Estarem doncs en comuni\u00f3 en la preg\u00e0ria.<\/p>\n<p>Cartel en pdf \u00a0<a href=\"http:\/\/eec.cat\/blog\/wp-content\/uploads\/2014\/06\/Anunci-preg\u00e0ria-19-juny-2014.pdf\">Anunci preg\u00e0ria 19 juny 2014<\/a><\/p>\n<p>&nbsp;<\/p>\n<p>&nbsp;<\/p>\n","protected":false},"excerpt":{"rendered":"<p>Anunci de la preg\u00e0ria de fi de curs que tindr\u00e0 lloc el proper dijous 19 de juny, dins el res de Vespres a la Cominitat de les Benetes. Esperem poder saludar-nos aquell dia. Al mateix dia tamb\u00e9 te lloc la preg\u00e0ria de ACAT Girona. Estarem doncs en comuni\u00f3 en la preg\u00e0ria. Cartel en pdf \u00a0Anunci [&hellip;]<\/p>\n","protected":false},"author":1,"featured_media":0,"comment_status":"open","ping_status":"open","sticky":false,"template":"","format":"standard","meta":{"_jetpack_memberships_contains_paid_content":false,"footnotes":""},"categories":[5],"tags":[],"class_list":["post-670","post","type-post","status-publish","format-standard","hentry","category-activitats"],"jetpack_sharing_enabled":true,"jetpack_featured_media_url":"","_links":{"self":[{"href":"https:\/\/eec.cat\/blog\/wp-json\/wp\/v2\/posts\/670","targetHints":{"allow":["GET"]}}],"collection":[{"href":"https:\/\/eec.cat\/blog\/wp-json\/wp\/v2\/posts"}],"about":[{"href":"https:\/\/eec.cat\/blog\/wp-json\/wp\/v2\/types\/post"}],"author":[{"embeddable":true,"href":"https:\/\/eec.cat\/blog\/wp-json\/wp\/v2\/users\/1"}],"replies":[{"embeddable":true,"href":"https:\/\/eec.cat\/blog\/wp-json\/wp\/v2\/comments?post=670"}],"version-history":[{"count":0,"href":"https:\/\/eec.cat\/blog\/wp-json\/wp\/v2\/posts\/670\/revisions"}],"wp:attachment":[{"href":"https:\/\/eec.cat\/blog\/wp-json\/wp\/v2\/media?parent=670"}],"wp:term":[{"taxonomy":"category","embeddable":true,"href":"https:\/\/eec.cat\/blog\/wp-json\/wp\/v2\/categories?post=670"},{"taxonomy":"post_tag","embeddable":true,"href":"https:\/\/eec.cat\/blog\/wp-json\/wp\/v2\/tags?post=670"}],"curies":[{"name":"wp","href":"https:\/\/api.w.org\/{rel}","templated":true}]}}