{"id":657,"date":"2014-06-08T18:52:08","date_gmt":"2014-06-08T18:52:08","guid":{"rendered":"http:\/\/eec.cat\/blog\/?p=657"},"modified":"2014-06-08T18:52:40","modified_gmt":"2014-06-08T18:52:40","slug":"acte-de-presentacio-del-llibre-per-que-per-que-soc-cristia-denric-capo-puig","status":"publish","type":"post","link":"https:\/\/eec.cat\/blog\/acte-de-presentacio-del-llibre-per-que-per-que-soc-cristia-denric-capo-puig\/","title":{"rendered":"Acte de presentaci\u00f3 del llibre &#8220;Per qu\u00e8 i per a qu\u00e8 s\u00f3c cristi\u00e0&#8221; D\u00b4Enric Cap\u00f3 i Puig"},"content":{"rendered":"<p><a href=\"http:\/\/eec.cat\/blog\/wp-content\/uploads\/2014\/06\/20140517_191200.jpg\"><img loading=\"lazy\" decoding=\"async\" class=\"aligncenter size-medium wp-image-658\" src=\"http:\/\/eec.cat\/blog\/wp-content\/uploads\/2014\/06\/20140517_191200-300x168.jpg\" alt=\"20140517_191200\" width=\"300\" height=\"168\" srcset=\"https:\/\/eec.cat\/blog\/wp-content\/uploads\/2014\/06\/20140517_191200-300x168.jpg 300w, https:\/\/eec.cat\/blog\/wp-content\/uploads\/2014\/06\/20140517_191200-1024x576.jpg 1024w\" sizes=\"auto, (max-width: 300px) 100vw, 300px\" \/><\/a><\/p>\n<p>Com s&#8217;havia anunciat, el dissabte 17 de maig del 2014, va tenir lloc a l&#8217;Esgl\u00e9sia Protestant de Barcelona- centre l&#8217;acte de presentaci\u00f3 del llibre del pastor Enric Cap\u00f3, \u201c<strong><em>Per qu\u00e8 i per a qu\u00e8 s\u00f3c cristi\u00e0\u201d<\/em><\/strong>.<\/p>\n<p>L&#8217;acte, molt concorregut, va comptar amb la pres\u00e8ncia del Director General d\u2019Afers Religiosos de la Generalitat de Catalunya, Sr. Enric Vendrell i fou presidit per la pastora Marta L\u00f3pez.<br \/>\nS&#8217;inici\u00e0 amb la intervenci\u00f3 d&#8217;en Samuel Fabra,coordinador del llibre, qui va fer la presentaci\u00f3 del llibre, des de la seva gestaci\u00f3 a la publicaci\u00f3 per Edicions Fliedner.<\/p>\n<p>A continuaci\u00f3 intervingueren: Carolina Cap\u00f3 (filla de l&#8217;Enric), el pastor Pere Zamora (editor del llibre), Armand Puig (deg\u00e0 de la Facultat de Teologia de Catalunya),\u00a0 Daniel Giralt-Miracle (autor del pr\u00f2leg) i Joan Botam (caputx\u00ed i company de l&#8217;Enric en el seu cam\u00ed ecum\u00e8nic). Cadascun d&#8217;ells van\u00a0 glossar la\u00a0 figura\u00a0 de l&#8217;Enric des de les seves\u00a0 diferents facetes: pare, pastor, te\u00f2leg, biblista i ecum\u00e8nic.<\/p>\n<p>Les paraules dels components de la taula van permetre redescobrir el gran nivell intel\u00b7lectual de l&#8217; Enric, la seva inequ\u00edvoca vocaci\u00f3 a exercir el seu ministeri pastoral des del respecte i la llibertat deixant de banda qualsevol principi moral discriminatori, la seva extraordin\u00e0ria humanitat i el seu profund comprom\u00eds amb l&#8217;ecumenisme i la cultura catalana.<\/p>\n<p>Especialment emotiu fou poder tornar a sentir les paraules d&#8217;un serm\u00f3 de l&#8217;Enric Cap\u00f3 a trav\u00e9s d&#8217;una gravaci\u00f3\u2028.<\/p>\n<p>Tanc\u00e0 l&#8217;acte les sentides paraules d&#8217;en Joel i Cort\u00e8s president de l&#8217;IEE i de la Fundaci\u00f3 Fliedner i\u00a0 de la pastora\u00a0 Marta L\u00f3pez.<\/p>\n<p>El llibre que es va exhaurir durant la jornada es pot demanar a la llibreria de l&#8217;Esgl\u00e9sia Protestant de Barcelona-Centre c\/ Tallers, 26- Barcelona tel\u00e8fon 933189798 o directament per Internet a Ediciones Fliedner.<\/p>\n<p>&nbsp;<\/p>\n","protected":false},"excerpt":{"rendered":"<p>Com s&#8217;havia anunciat, el dissabte 17 de maig del 2014, va tenir lloc a l&#8217;Esgl\u00e9sia Protestant de Barcelona- centre l&#8217;acte de presentaci\u00f3 del llibre del pastor Enric Cap\u00f3, \u201cPer qu\u00e8 i per a qu\u00e8 s\u00f3c cristi\u00e0\u201d. L&#8217;acte, molt concorregut, va comptar amb la pres\u00e8ncia del Director General d\u2019Afers Religiosos de la Generalitat de Catalunya, Sr. [&hellip;]<\/p>\n","protected":false},"author":1,"featured_media":0,"comment_status":"open","ping_status":"open","sticky":false,"template":"","format":"standard","meta":{"_jetpack_memberships_contains_paid_content":false,"footnotes":""},"categories":[1],"tags":[],"class_list":["post-657","post","type-post","status-publish","format-standard","hentry","category-general"],"jetpack_sharing_enabled":true,"jetpack_featured_media_url":"","_links":{"self":[{"href":"https:\/\/eec.cat\/blog\/wp-json\/wp\/v2\/posts\/657","targetHints":{"allow":["GET"]}}],"collection":[{"href":"https:\/\/eec.cat\/blog\/wp-json\/wp\/v2\/posts"}],"about":[{"href":"https:\/\/eec.cat\/blog\/wp-json\/wp\/v2\/types\/post"}],"author":[{"embeddable":true,"href":"https:\/\/eec.cat\/blog\/wp-json\/wp\/v2\/users\/1"}],"replies":[{"embeddable":true,"href":"https:\/\/eec.cat\/blog\/wp-json\/wp\/v2\/comments?post=657"}],"version-history":[{"count":0,"href":"https:\/\/eec.cat\/blog\/wp-json\/wp\/v2\/posts\/657\/revisions"}],"wp:attachment":[{"href":"https:\/\/eec.cat\/blog\/wp-json\/wp\/v2\/media?parent=657"}],"wp:term":[{"taxonomy":"category","embeddable":true,"href":"https:\/\/eec.cat\/blog\/wp-json\/wp\/v2\/categories?post=657"},{"taxonomy":"post_tag","embeddable":true,"href":"https:\/\/eec.cat\/blog\/wp-json\/wp\/v2\/tags?post=657"}],"curies":[{"name":"wp","href":"https:\/\/api.w.org\/{rel}","templated":true}]}}