{"id":654,"date":"2014-06-02T05:43:02","date_gmt":"2014-06-02T05:43:02","guid":{"rendered":"http:\/\/eec.cat\/blog\/?p=654"},"modified":"2014-06-02T05:44:00","modified_gmt":"2014-06-02T05:44:00","slug":"dia-dia-2-de-juny-8-de-juny-2014","status":"publish","type":"post","link":"https:\/\/eec.cat\/blog\/dia-dia-2-de-juny-8-de-juny-2014\/","title":{"rendered":"Dia a Dia. 2 de juny &#8211; 8 de juny 2014"},"content":{"rendered":"<p><strong><span style=\"text-decoration: underline;\"><span style=\"color: #0000ff; text-decoration: underline;\"><a href=\"http:\/\/eec.cat\/blog\/wp-content\/uploads\/2013\/08\/dosrius-e1376303192331.jpg\"><img loading=\"lazy\" decoding=\"async\" class=\"alignleft size-thumbnail wp-image-236\" src=\"http:\/\/eec.cat\/blog\/wp-content\/uploads\/2013\/08\/dosrius-150x150.jpg\" alt=\"dosrius\" width=\"150\" height=\"150\" \/><\/a>Dilluns, 2 de juny<\/span><\/span><\/strong><\/p>\n<p>Joan 6, 26-27<\/p>\n<p>Qu\u00e8 busquem en Jes\u00fas? La soluci\u00f3 als nostres problemes? En Ell trobarem un aliment que no \u00e9s posa a taula, per\u00f2 que ens omplir\u00e0 de la vida del D\u00e9u de la miseric\u00f2rdia, i que far\u00e0 dels nostres cors generositat per oferir menja a tot aquell que el necessita.<\/p>\n<p><strong><span style=\"text-decoration: underline;\"><span style=\"color: #0000ff; text-decoration: underline;\">Dimarts, 3 de juny<\/span><\/span><\/strong><\/p>\n<p>Joan 6, 35<\/p>\n<p>Jes\u00fas \u00e9s el nostre pa i la nostra aigua, en Ell trobem l\u2019aliment i la beguda necess\u00e0ries per continuar cada dia endavant. No \u00e9s m\u00edstic, no \u00e9s esot\u00e8ric, \u00e9s el fet de que en la seva Paraula ens saciem del D\u00e9u que \u00e9s vida per nosaltres.<\/p>\n<p><strong><span style=\"text-decoration: underline;\"><span style=\"color: #0000ff; text-decoration: underline;\">Dimecres, 4 de juny<\/span><\/span><\/strong><\/p>\n<p>Joan 6, 63<\/p>\n<p>Les Paraules de Jes\u00fas no venen de la carn, sin\u00f3 de l\u2019home nascut de l\u2019Esperit. S\u00f3n paraules que vivifiquen les nostres vides, que transformen les nostres realitats, i que ens duen als espais de llibertat de D\u00e9u ha ofert a la seva humanitat. Les seves Paraules s\u00f3n la font de la nostra respiraci\u00f3.<\/p>\n<p><strong><span style=\"text-decoration: underline;\"><span style=\"color: #0000ff; text-decoration: underline;\">Dijous, 5 de juny<\/span><\/span><\/strong><\/p>\n<p>Joan 7, 7<\/p>\n<p>El m\u00f3n perseguir Jes\u00fas, perqu\u00e8 en el seu testimoni, en les seves Paraules, hi havia denuncia, les seves eren Paraules prof\u00e8tiques que oferien, als qui les escoltaven, la possibilitat de entrar dins una nova realitat. El m\u00f3n no vol perdre als qui t\u00e9 esclavitzats, per aix\u00f2 persegueix els qui denuncien les seves males accions.<\/p>\n<p><strong><span style=\"text-decoration: underline;\"><span style=\"color: #0000ff; text-decoration: underline;\">Divendres, 6 de juny<\/span><\/span><\/strong><\/p>\n<p>Joan 7, 16-18<\/p>\n<p>Les nostres paraules han de construir-se en la realitat del llenguatge de D\u00e9u, perqu\u00e8 som els seus enviats, i les seves Paraules s\u00f3n les que han de brollar de nosaltres. No busquem agradar la humanitat, ni acontentar als que ens envolten, perqu\u00e8 no direm el que volen sentir, sin\u00f3 all\u00f2 que \u00e9s Paraula de D\u00e9u.<\/p>\n<p><strong><span style=\"text-decoration: underline;\"><span style=\"color: #0000ff; text-decoration: underline;\">Dissabte, 7 de juny<\/span><\/span><\/strong><\/p>\n<p>Joan 7, 37-38<\/p>\n<p>L\u2019aigua que brota del coneixement de D\u00e9u \u00e9s aliment per els nostres coses i les nostres \u00e0nimes. Aquesta aigua que \u00e9s veritable i que apaga tota set se\u2019ns ha ofert per compartir-la. Per\u00f2 el cam\u00ed \u00e9s llarg i, a vegades, ens quedem secs. Mirem Jes\u00fas, escoltem-lo i tornarem a n\u00e9ixer brolladors d\u2019aigua dins nostre.<\/p>\n<p><strong><span style=\"text-decoration: underline;\"><span style=\"color: #0000ff; text-decoration: underline;\">Diumenge, 8 de juny<\/span><\/span><\/strong><\/p>\n<p>Joan 8, 31-32<\/p>\n<p>Solament el coneixement de la Paraula de D\u00e9u ens ofereix la llibertat de construir-nos com a noves criatures, que treballen per una comunitat alternativa, que \u00e9s donen a un m\u00f3n que no els ent\u00e9n. Con\u00e8ixer la Veritat, \u00e9s con\u00e8ixer a D\u00e9u, i Ell \u00e9s la nostra llibertat.<\/p>\n","protected":false},"excerpt":{"rendered":"<p>Dilluns, 2 de juny Joan 6, 26-27 Qu\u00e8 busquem en Jes\u00fas? La soluci\u00f3 als nostres problemes? En Ell trobarem un aliment que no \u00e9s posa a taula, per\u00f2 que ens omplir\u00e0 de la vida del D\u00e9u de la miseric\u00f2rdia, i que far\u00e0 dels nostres cors generositat per oferir menja a tot aquell que el necessita. [&hellip;]<\/p>\n","protected":false},"author":1,"featured_media":0,"comment_status":"open","ping_status":"open","sticky":false,"template":"","format":"standard","meta":{"_jetpack_memberships_contains_paid_content":false,"footnotes":""},"categories":[7],"tags":[],"class_list":["post-654","post","type-post","status-publish","format-standard","hentry","category-meditacions-diaries"],"jetpack_sharing_enabled":true,"jetpack_featured_media_url":"","_links":{"self":[{"href":"https:\/\/eec.cat\/blog\/wp-json\/wp\/v2\/posts\/654","targetHints":{"allow":["GET"]}}],"collection":[{"href":"https:\/\/eec.cat\/blog\/wp-json\/wp\/v2\/posts"}],"about":[{"href":"https:\/\/eec.cat\/blog\/wp-json\/wp\/v2\/types\/post"}],"author":[{"embeddable":true,"href":"https:\/\/eec.cat\/blog\/wp-json\/wp\/v2\/users\/1"}],"replies":[{"embeddable":true,"href":"https:\/\/eec.cat\/blog\/wp-json\/wp\/v2\/comments?post=654"}],"version-history":[{"count":0,"href":"https:\/\/eec.cat\/blog\/wp-json\/wp\/v2\/posts\/654\/revisions"}],"wp:attachment":[{"href":"https:\/\/eec.cat\/blog\/wp-json\/wp\/v2\/media?parent=654"}],"wp:term":[{"taxonomy":"category","embeddable":true,"href":"https:\/\/eec.cat\/blog\/wp-json\/wp\/v2\/categories?post=654"},{"taxonomy":"post_tag","embeddable":true,"href":"https:\/\/eec.cat\/blog\/wp-json\/wp\/v2\/tags?post=654"}],"curies":[{"name":"wp","href":"https:\/\/api.w.org\/{rel}","templated":true}]}}