{"id":649,"date":"2014-05-27T10:02:11","date_gmt":"2014-05-27T10:02:11","guid":{"rendered":"http:\/\/eec.cat\/blog\/?p=649"},"modified":"2014-05-27T10:07:01","modified_gmt":"2014-05-27T10:07:01","slug":"cronica-dun-dia-reus","status":"publish","type":"post","link":"https:\/\/eec.cat\/blog\/cronica-dun-dia-reus\/","title":{"rendered":"Cr\u00f2nica d\u00b4un dia a Reus"},"content":{"rendered":"<figure id=\"attachment_650\" aria-describedby=\"caption-attachment-650\" style=\"width: 150px\" class=\"wp-caption alignleft\"><a href=\"http:\/\/eec.cat\/blog\/wp-content\/uploads\/2014\/05\/IMG-20140526-WA0000.jpg\"><img loading=\"lazy\" decoding=\"async\" class=\"size-thumbnail wp-image-650\" src=\"http:\/\/eec.cat\/blog\/wp-content\/uploads\/2014\/05\/IMG-20140526-WA0000-150x150.jpg\" alt=\"Trobada amb l\u00b4alcalde de Reus\" width=\"150\" height=\"150\" \/><\/a><figcaption id=\"caption-attachment-650\" class=\"wp-caption-text\">Trobada amb l\u00b4alcalde de Reus<\/figcaption><\/figure>\n<p>Isaac Garc\u00eda.<\/p>\n<p>A quarts de deu del mat\u00ed un grup de gaireb\u00e9 quaranta persones est\u00e0vem al bus que ens havia de portar a Reus. Un viatge del tot acad\u00e8mic, amb els moments de riure, de converses profundes i, sobretot, d\u2019il\u00b7lusi\u00f3 per gaudir d\u2019una jornada de germanor.<\/p>\n<p>En arribar a Reus, i despr\u00e9s de recollir el guia que ens faria les explicacions pertinents, v\u00e0rem anar directes a l\u2019Institut Pere Mata, un edifici de 1906 i que \u00e9s un molt bon exponent, i bastant desconegut, del modernisme catal\u00e0. Projectat per l\u2019arquitecte Llu\u00eds Dom\u00e8nech i Muntaner, art\u00edfex del Palau de la M\u00fasica o de l\u2019Hospital de Sant, l\u2019edifici reusenc recull tots els elements de la decoraci\u00f3 modernista que tant de furor va causar a terres catalanes. Despr\u00e9s de veure els trencadissos, les decoracions de sostres i parets, agaf\u00e0vem novament l\u2019autocar per baixar al centre de la vila.<\/p>\n<p>Baixant pels carrer Llovera i Monterols v\u00e0rem poder observar el gran patrimoni arquitect\u00f2nic modernista de la ciutat de Reus, destacant, per exemple el palau Bofarull o la casa Nav\u00e0s. Un cop arribats a la pla\u00e7a del Mercadal, l\u2019alcalde Carles Pellicer ens va rebre a l\u2019ajuntament. Tant les paraules del pol\u00edtic, com del pastor Narc\u00eds de Batlle i del president de l\u2019Esgl\u00e9sia Evang\u00e8lica de Catalunya Ignacio Simal van ser d\u2019agra\u00efment i d\u2019oferiment a la col\u00b7laboraci\u00f3 m\u00fatua. Tot seguit l\u2019alcalde ens va fer una petita visita per les instal\u00b7lacions de la Casa de la Vila i ens va recordar la figura del general Prim, fill il\u00b7lustre de Reus i a qui els protestants recordem com a propulsor de la llibertat religiosa al segle XIX. La recepci\u00f3 oficial va donar pas a la visita pel Reus modernista i pel Centre d\u2019interpretaci\u00f3 dedicat a l\u2019arquitecte Antoni Gaud\u00ed, natural de la ciutat.<\/p>\n<p>De tornada a l\u2019esgl\u00e9sia del carrer Vidal v\u00e0rem poder compartir amb els germans d\u2019all\u00e0 els \u00e0pats que hav\u00edem portat des de Barcelona i els que ells ens havien preparat. Un p\u00edcnic del tot improvisat a l\u2019interior de l\u2019esgl\u00e9sia va donar pas a les rialles i a l\u2019intercanvi d\u2019impressions sobre la jornada que port\u00e0vem. I com se\u2019ns va proposar, despr\u00e9s de dinar, v\u00e0rem poder tenir temps lliure per passejar novament per la ciutat fins a les sis de la tarda, quan s\u2019havia preparat un concert del cor \u201cIn Crescendo\u201d, de l\u2019esgl\u00e9sia de Santa Coloma.<\/p>\n<p>L\u2019excursi\u00f3 unida s\u2019estava acabant. Cap a les set del vespre v\u00e0rem anar a buscar l\u2019autocar que ens portaria novament a Barcelona i a Rub\u00ed. El viatge va ser m\u00e9s tranquil que el de tornada, ja que les forces ja no eren les mateixes. Tot i aix\u00f2, v\u00e0rem poder riure molt, fent el trajecte molt m\u00e9s am\u00e8.<\/p>\n<p>El dia no acompanyava gaire, per\u00f2 el mal temps va donar pas a bones estones de companyia i germanor, que \u00e9s la finalitat d\u2019aquestes sortides. Con\u00e8ixer altres indrets de Catalunya, altra gent i viure per un dia en el context d\u2019una comunitat de l\u2019Esgl\u00e9sia Evang\u00e8lica de Catalunya. Val la pena assistir-hi i us ho recomanem!<\/p>\n<figure id=\"attachment_651\" aria-describedby=\"caption-attachment-651\" style=\"width: 576px\" class=\"wp-caption aligncenter\"><a href=\"http:\/\/eec.cat\/blog\/wp-content\/uploads\/2014\/05\/CAM00008.jpg\"><img loading=\"lazy\" decoding=\"async\" class=\"size-large wp-image-651\" src=\"http:\/\/eec.cat\/blog\/wp-content\/uploads\/2014\/05\/CAM00008-576x1024.jpg\" alt=\"Institut Pere Mata\" width=\"576\" height=\"1024\" srcset=\"https:\/\/eec.cat\/blog\/wp-content\/uploads\/2014\/05\/CAM00008-576x1024.jpg 576w, https:\/\/eec.cat\/blog\/wp-content\/uploads\/2014\/05\/CAM00008-168x300.jpg 168w, https:\/\/eec.cat\/blog\/wp-content\/uploads\/2014\/05\/CAM00008.jpg 1836w\" sizes=\"auto, (max-width: 576px) 100vw, 576px\" \/><\/a><figcaption id=\"caption-attachment-651\" class=\"wp-caption-text\">Institut Pere Mata<\/figcaption><\/figure>\n","protected":false},"excerpt":{"rendered":"<p>Isaac Garc\u00eda. A quarts de deu del mat\u00ed un grup de gaireb\u00e9 quaranta persones est\u00e0vem al bus que ens havia de portar a Reus. Un viatge del tot acad\u00e8mic, amb els moments de riure, de converses profundes i, sobretot, d\u2019il\u00b7lusi\u00f3 per gaudir d\u2019una jornada de germanor. En arribar a Reus, i despr\u00e9s de recollir el [&hellip;]<\/p>\n","protected":false},"author":1,"featured_media":0,"comment_status":"open","ping_status":"open","sticky":false,"template":"","format":"standard","meta":{"_jetpack_memberships_contains_paid_content":false,"footnotes":""},"categories":[5,1],"tags":[],"class_list":["post-649","post","type-post","status-publish","format-standard","hentry","category-activitats","category-general"],"jetpack_sharing_enabled":true,"jetpack_featured_media_url":"","_links":{"self":[{"href":"https:\/\/eec.cat\/blog\/wp-json\/wp\/v2\/posts\/649","targetHints":{"allow":["GET"]}}],"collection":[{"href":"https:\/\/eec.cat\/blog\/wp-json\/wp\/v2\/posts"}],"about":[{"href":"https:\/\/eec.cat\/blog\/wp-json\/wp\/v2\/types\/post"}],"author":[{"embeddable":true,"href":"https:\/\/eec.cat\/blog\/wp-json\/wp\/v2\/users\/1"}],"replies":[{"embeddable":true,"href":"https:\/\/eec.cat\/blog\/wp-json\/wp\/v2\/comments?post=649"}],"version-history":[{"count":0,"href":"https:\/\/eec.cat\/blog\/wp-json\/wp\/v2\/posts\/649\/revisions"}],"wp:attachment":[{"href":"https:\/\/eec.cat\/blog\/wp-json\/wp\/v2\/media?parent=649"}],"wp:term":[{"taxonomy":"category","embeddable":true,"href":"https:\/\/eec.cat\/blog\/wp-json\/wp\/v2\/categories?post=649"},{"taxonomy":"post_tag","embeddable":true,"href":"https:\/\/eec.cat\/blog\/wp-json\/wp\/v2\/tags?post=649"}],"curies":[{"name":"wp","href":"https:\/\/api.w.org\/{rel}","templated":true}]}}