{"id":645,"date":"2014-05-26T07:02:52","date_gmt":"2014-05-26T07:02:52","guid":{"rendered":"http:\/\/eec.cat\/blog\/?p=645"},"modified":"2014-05-26T07:04:04","modified_gmt":"2014-05-26T07:04:04","slug":"dia-dia-26-de-maig-1-de-juny","status":"publish","type":"post","link":"https:\/\/eec.cat\/blog\/dia-dia-26-de-maig-1-de-juny\/","title":{"rendered":"Dia a Dia. 26 de maig &#8211; 1 de juny"},"content":{"rendered":"<p><strong><span style=\"text-decoration: underline;\"><span style=\"color: #800080; text-decoration: underline;\"><a href=\"http:\/\/eec.cat\/blog\/wp-content\/uploads\/2014\/04\/1vh9bn4q3tisd.jpeg\"><img loading=\"lazy\" decoding=\"async\" class=\"alignleft size-full wp-image-579\" src=\"http:\/\/eec.cat\/blog\/wp-content\/uploads\/2014\/04\/1vh9bn4q3tisd.jpeg\" alt=\"1vh9bn4q3tisd\" width=\"111\" height=\"166\" \/><\/a>Dilluns, 26 de maig<\/span><\/span><\/strong><\/p>\n<p>Lluc 21, 1-4<\/p>\n<p>La nostra ofrena a D\u00e9u no es comptabilitza amb diners, la nostra ofrena \u00e9s all\u00f2 que de grat oferim, donant-nos plenament a la missi\u00f3 del Regne. Podem donar molt o podem donar poc, perqu\u00e8 la mesura no \u00e9s la quantitat sin\u00f3 el comprom\u00eds. La pregunta no \u00e9s quant d\u00f3nes, sin\u00f3 com d\u00f3nes<\/p>\n<p><strong><span style=\"text-decoration: underline;\"><span style=\"color: #800080; text-decoration: underline;\">Dimarts, 27 de maig<\/span><\/span><\/strong><\/p>\n<p>Fets 1, 7-8<\/p>\n<p>El do de l\u2019Esperit Sant \u00e9s el m\u00e9s meravell\u00f3s regal que se\u2019ns ha concedit, Jes\u00fas, el D\u00e9u fet home, visqu\u00e9 i parlar des del mateix Esperit que se\u2019ns ha donat a nosaltres, per aix\u00f2 seguir el seu exemple no \u00e9s una utopia, sin\u00f3 el cam\u00ed de deixar-nos, cada dia, parlar per la pres\u00e8ncia plena de D\u00e9u a les nostres vides.<\/p>\n<p><span style=\"color: #800080;\"><strong><span style=\"text-decoration: underline;\">Dimecres, 28 de maig<\/span><\/strong><\/span><\/p>\n<p>Joan 2, 13-19<\/p>\n<p>El temple de D\u00e9u era el lloc de la seva pres\u00e8ncia en mig del seu poble, per\u00f2 aquest poble l\u2019havia deshonrat, havia tacat la santedat de D\u00e9u convertint la seva casa en un lloc per fer diners, i per oprimir. En l\u2019Esperit ens hem de construir com el poble que veritablement manifesta la pres\u00e8ncia de D\u00e9u en la seva creaci\u00f3, fent sentir la seva Paraula, utilitzant el seu llenguatge creador de llibertat.<\/p>\n<p><strong><span style=\"text-decoration: underline;\"><span style=\"color: #800080; text-decoration: underline;\">Dijous, 29 de maig<\/span><\/span><\/strong><\/p>\n<p>Joan 3, 16-21<\/p>\n<p>D\u00e9u enviar al seu Fill per oferir la llum a la humanitat, una llum que ens porta per camins de perd\u00f3 i miseric\u00f2rdia, una llum que omple la nostra vida perqu\u00e8 la benedicci\u00f3 de la miseric\u00f2rdia de D\u00e9u arribi a tots els racons. La condemnaci\u00f3 no \u00e9s pas l\u2019infern, sin\u00f3 una vida allunyada del D\u00e9u de la llum.<\/p>\n<p><strong><span style=\"text-decoration: underline;\"><span style=\"color: #800080; text-decoration: underline;\">Divendres, 30 de maig<\/span><\/span><\/strong><\/p>\n<p>Joan 5, 19-23<\/p>\n<p>En Jes\u00fas trobem, no solament el cam\u00ed al Pare, sin\u00f3 el seu coneixement. El D\u00e9u que \u00e9s totalment diferent a nosaltres, ha vingut a parlar-nos en el nostre idioma, a trav\u00e9s de Jes\u00fas, perqu\u00e8 aprenguem d\u2019ell la seves Paraules, perqu\u00e8 les acollim i puguem transformar-nos del nostre llenguatge al seu.<\/p>\n<p><strong><span style=\"text-decoration: underline;\"><span style=\"color: #800080; text-decoration: underline;\">Dissabte, 31 de maig<\/span><\/span><\/strong><\/p>\n<p>Joan 5, 30-33<\/p>\n<p>D\u2019all\u00f2 que sentim hem de donar testimoni, perqu\u00e8 aquell que ens parlar ratifiqui les nostres pr\u00f2pies paraules. Jes\u00fas don\u00e0 testimoni del Pare i ell el ratific\u00e0 en la seva resurrecci\u00f3. Fer la voluntat de D\u00e9u \u00e9s sentir-lo i posar en pr\u00e0ctica la seva Paraula, ens \u00e9s exemple, per aix\u00f2, la vida del seu Fill.<\/p>\n<p><strong><span style=\"text-decoration: underline;\"><span style=\"color: #800080; text-decoration: underline;\">Diumenge, 1 de juny<\/span><\/span><\/strong><\/p>\n<p>Joan 5, 37-40<\/p>\n<p>Tota la Paraula de D\u00e9u, dita des del principi, \u00e9s testimoni de Jes\u00fas, de la seva obra i les seves Paraules. \u00c9s el Pare quina d\u00f3na testimoni de que la seva vida \u00e9s la de l\u2019ungit de D\u00e9u. Nosaltres no hem sentit a D\u00e9u, no l\u2019hem vist, per\u00f2 en aquell que ha donat testimoni seu, hem trobat la revelaci\u00f3 del Pare.<\/p>\n","protected":false},"excerpt":{"rendered":"<p>Dilluns, 26 de maig Lluc 21, 1-4 La nostra ofrena a D\u00e9u no es comptabilitza amb diners, la nostra ofrena \u00e9s all\u00f2 que de grat oferim, donant-nos plenament a la missi\u00f3 del Regne. Podem donar molt o podem donar poc, perqu\u00e8 la mesura no \u00e9s la quantitat sin\u00f3 el comprom\u00eds. La pregunta no \u00e9s quant [&hellip;]<\/p>\n","protected":false},"author":1,"featured_media":0,"comment_status":"open","ping_status":"open","sticky":false,"template":"","format":"standard","meta":{"_jetpack_memberships_contains_paid_content":false,"footnotes":""},"categories":[7],"tags":[],"class_list":["post-645","post","type-post","status-publish","format-standard","hentry","category-meditacions-diaries"],"jetpack_sharing_enabled":true,"jetpack_featured_media_url":"","_links":{"self":[{"href":"https:\/\/eec.cat\/blog\/wp-json\/wp\/v2\/posts\/645","targetHints":{"allow":["GET"]}}],"collection":[{"href":"https:\/\/eec.cat\/blog\/wp-json\/wp\/v2\/posts"}],"about":[{"href":"https:\/\/eec.cat\/blog\/wp-json\/wp\/v2\/types\/post"}],"author":[{"embeddable":true,"href":"https:\/\/eec.cat\/blog\/wp-json\/wp\/v2\/users\/1"}],"replies":[{"embeddable":true,"href":"https:\/\/eec.cat\/blog\/wp-json\/wp\/v2\/comments?post=645"}],"version-history":[{"count":0,"href":"https:\/\/eec.cat\/blog\/wp-json\/wp\/v2\/posts\/645\/revisions"}],"wp:attachment":[{"href":"https:\/\/eec.cat\/blog\/wp-json\/wp\/v2\/media?parent=645"}],"wp:term":[{"taxonomy":"category","embeddable":true,"href":"https:\/\/eec.cat\/blog\/wp-json\/wp\/v2\/categories?post=645"},{"taxonomy":"post_tag","embeddable":true,"href":"https:\/\/eec.cat\/blog\/wp-json\/wp\/v2\/tags?post=645"}],"curies":[{"name":"wp","href":"https:\/\/api.w.org\/{rel}","templated":true}]}}