{"id":642,"date":"2014-05-22T20:26:33","date_gmt":"2014-05-22T20:26:33","guid":{"rendered":"http:\/\/eec.cat\/blog\/?p=642"},"modified":"2014-05-22T20:30:05","modified_gmt":"2014-05-22T20:30:05","slug":"notes-sobre-la-conferencia-de-dan-gonzalez-ortega-rector-de-la-comunidad-teologica-de-mexic","status":"publish","type":"post","link":"https:\/\/eec.cat\/blog\/notes-sobre-la-conferencia-de-dan-gonzalez-ortega-rector-de-la-comunidad-teologica-de-mexic\/","title":{"rendered":"Notes sobre la Confer\u00e8ncia de Dan Gonz\u00e1lez Ortega. Rector de la Comunidad Teol\u00f3gica de M\u00e8xic."},"content":{"rendered":"<p>T\u00edtol: \u201c<strong>NO ME LLAMES EXTRANJERO<\/strong>\u201d<\/p>\n<p><a href=\"http:\/\/eec.cat\/blog\/wp-content\/uploads\/2014\/05\/la-foto.jpg\"><img loading=\"lazy\" decoding=\"async\" class=\"alignleft size-thumbnail wp-image-643\" src=\"http:\/\/eec.cat\/blog\/wp-content\/uploads\/2014\/05\/la-foto-150x150.jpg\" alt=\"Dan Gonz\u00e1lez Ortega\" width=\"150\" height=\"150\" \/><\/a>Reflexiones entorno al ser humano y el rescate de la escatolog\u00eda<br \/>\nActe organitzat per l\u2019Esgl\u00e9sia de Sant Pau i Lupa Protestante<br \/>\nCarrer Arag\u00f3, 51 Barcelona<br \/>\n20:00 hores<\/p>\n<p>La pon\u00e8ncia que va pronunciar en Dan Gonz\u00e1lez el dia 15 de maig, venia precedida per la seva participaci\u00f3 en la trobada \u201cChurches Witnessing with Migrants\u201d organitzada a Estocolm (Su\u00e8cia) per la Confer\u00e8ncia de les Esgl\u00e9sies Europees (Comissi\u00f3 de Migraci\u00f3) en preparaci\u00f3 del F\u00f2rum Global sobre Migraci\u00f3 i Desenvolupament. Per aix\u00f2 va voler remarcar i traslladar que hi ha una gran preocupaci\u00f3 per part de les Esgl\u00e9sies tant a nivell europeu, com a nivell mundial, pel rebuig al migrant que es detecta a tot arreu.<\/p>\n<p>En Dan Gonz\u00e1lez va iniciar la seva exposici\u00f3, explicant que el t\u00edtol de la pon\u00e8ncia es en ra\u00f3 de la pe\u00e7a musical del cantautor argent\u00ed Rafael Amor: \u201cNo me llames extranjero\u201d, que capta tota la seva c\u00e0rrega de sentiment cap el que es diferent.<\/p>\n<p>L\u2019idea central en la que va incidir es que el concepte d\u2019estranger implica una mena de mur que vol emfatitzar l\u2019ali\u00e8 o estrany a nosaltres, quan al marge de cultures plurals, la difer\u00e8ncia entre persones no existeix. En un mon globalitzat com el que tenim actualment, el designar a una persona com \u201cestranger\u201d no t\u00e9 ra\u00f3 d\u2019esser.<\/p>\n","protected":false},"excerpt":{"rendered":"<p>T\u00edtol: \u201cNO ME LLAMES EXTRANJERO\u201d Reflexiones entorno al ser humano y el rescate de la escatolog\u00eda Acte organitzat per l\u2019Esgl\u00e9sia de Sant Pau i Lupa Protestante Carrer Arag\u00f3, 51 Barcelona 20:00 hores La pon\u00e8ncia que va pronunciar en Dan Gonz\u00e1lez el dia 15 de maig, venia precedida per la seva participaci\u00f3 en la trobada \u201cChurches [&hellip;]<\/p>\n","protected":false},"author":1,"featured_media":0,"comment_status":"open","ping_status":"open","sticky":false,"template":"","format":"standard","meta":{"_jetpack_memberships_contains_paid_content":false,"footnotes":""},"categories":[6,1],"tags":[],"class_list":["post-642","post","type-post","status-publish","format-standard","hentry","category-reflexions","category-general"],"jetpack_featured_media_url":"","jetpack_sharing_enabled":true,"_links":{"self":[{"href":"https:\/\/eec.cat\/blog\/wp-json\/wp\/v2\/posts\/642","targetHints":{"allow":["GET"]}}],"collection":[{"href":"https:\/\/eec.cat\/blog\/wp-json\/wp\/v2\/posts"}],"about":[{"href":"https:\/\/eec.cat\/blog\/wp-json\/wp\/v2\/types\/post"}],"author":[{"embeddable":true,"href":"https:\/\/eec.cat\/blog\/wp-json\/wp\/v2\/users\/1"}],"replies":[{"embeddable":true,"href":"https:\/\/eec.cat\/blog\/wp-json\/wp\/v2\/comments?post=642"}],"version-history":[{"count":0,"href":"https:\/\/eec.cat\/blog\/wp-json\/wp\/v2\/posts\/642\/revisions"}],"wp:attachment":[{"href":"https:\/\/eec.cat\/blog\/wp-json\/wp\/v2\/media?parent=642"}],"wp:term":[{"taxonomy":"category","embeddable":true,"href":"https:\/\/eec.cat\/blog\/wp-json\/wp\/v2\/categories?post=642"},{"taxonomy":"post_tag","embeddable":true,"href":"https:\/\/eec.cat\/blog\/wp-json\/wp\/v2\/tags?post=642"}],"curies":[{"name":"wp","href":"https:\/\/api.w.org\/{rel}","templated":true}]}}