{"id":640,"date":"2014-05-19T09:54:38","date_gmt":"2014-05-19T09:54:38","guid":{"rendered":"http:\/\/eec.cat\/blog\/?p=640"},"modified":"2014-05-19T09:55:57","modified_gmt":"2014-05-19T09:55:57","slug":"dia-dia-19-de-maig-25-de-maig","status":"publish","type":"post","link":"https:\/\/eec.cat\/blog\/dia-dia-19-de-maig-25-de-maig\/","title":{"rendered":"Dia a Dia. 19 de maig &#8211; 25 de maig"},"content":{"rendered":"<p><strong><span style=\"text-decoration: underline;\"><span style=\"color: #800080; text-decoration: underline;\"><a href=\"http:\/\/eec.cat\/blog\/wp-content\/uploads\/2014\/02\/sombras.jpg\"><img loading=\"lazy\" decoding=\"async\" class=\"alignleft size-thumbnail wp-image-503\" src=\"http:\/\/eec.cat\/blog\/wp-content\/uploads\/2014\/02\/sombras-150x150.jpg\" alt=\"sombras\" width=\"150\" height=\"150\" \/><\/a>Dilluns, 19 de maig<\/span><\/span><\/strong><\/p>\n<p>Lluc 12, 35-40<\/p>\n<p>La vetlla \u00e9s la crida d\u2019un evangeli que no vol que ens adormin, perqu\u00e8 amb la confian\u00e7a del insensat esperem a dem\u00e0 per escoltar la Paraula, per\u00f2 Jes\u00fas ens insta a transformar-nos avui, a canviar ara, perqu\u00e8 el dem\u00e0 \u00e9s un futur fuga\u00e7, que pot escapar-se de les nostres mans.<\/p>\n<p><strong><span style=\"text-decoration: underline;\"><span style=\"color: #800080; text-decoration: underline;\">Dimarts, 20 de maig<\/span><\/span><\/strong><\/p>\n<p>Lluc 14, 8-11<\/p>\n<p>En quin lloc ens veiem? Quina import\u00e0ncia creiem tindre? Des de la humilitat de la servitud \u00e9s que ens hem de concebre, perqu\u00e8 qui s\u00f3c jo perqu\u00e8 D\u00e9u s\u2019hagi acostat a mi i m\u2019hagi escollit per ser part del seu poble? La nostra mesura no la d\u00f3na la comparaci\u00f3 amb les altres persones, sin\u00f3 amb el D\u00e9u que es feu home per mi.<\/p>\n<p><strong><span style=\"text-decoration: underline;\"><span style=\"color: #800080; text-decoration: underline;\">Dimecres, 21 de maig<\/span><\/span><\/strong><\/p>\n<p>Lluc 14, 12-14<\/p>\n<p>Ens \u00e9s m\u00e9s f\u00e0cil tindre relacions amb aquells que comparteixen amb nosaltres la dignitat i l\u2019estatus que ofereixen el homes, per\u00f2 el llenguatge de D\u00e9u ens demana que ens oferim als que no poden correspondre\u2019ns, com ell ha fet en nosaltres. Alg\u00fa pot pagar a D\u00e9u el deute de la nostra vida? Ell s\u2019ha acostat a nosaltres, saben que no podr\u00edem tornar-li res.<\/p>\n<p><strong><span style=\"text-decoration: underline;\"><span style=\"color: #800080; text-decoration: underline;\">Dijous, 22 de maig<\/span><\/span><\/strong><\/p>\n<p>Lluc 15, 4-7<\/p>\n<p>Solament aquells que s\u2019han sentit perduts han volgut ser trobats, solament aquells que s\u00f3n conscients de la seva pr\u00f2pia injust\u00edcia han volgut que la just\u00edcia de D\u00e9u es vessi sobre ells. D\u00e9u s\u2019ha acostat a la seva humanitat, per\u00f2 solament aquells i aquelles que s\u00f3n conscients de la dist\u00e0ncia que els separava d\u2019Ell podran ser trobats.<\/p>\n<p><strong><span style=\"text-decoration: underline;\"><span style=\"color: #800080; text-decoration: underline;\">Divendres, 23 de maig<\/span><\/span><\/strong><\/p>\n<p>Lluc 15, 11-32<\/p>\n<p>La consci\u00e8ncia de la dist\u00e0ncia que hi ha entre D\u00e9u i nosaltres \u00e9s all\u00f2 que ens fa conscients del gran do que hem rebut, perqu\u00e8 si mai hem necessitat de perd\u00f3, si mai hem cregut que mereix\u00e9ssim miseric\u00f2rdia, aleshores seran Paraules del llenguatge de D\u00e9u que no haurem apr\u00e9s, i que, aleshores, no podrem compartir.<\/p>\n<p><strong><span style=\"text-decoration: underline;\"><span style=\"color: #800080; text-decoration: underline;\">Dissabte, 24 de maig<\/span><\/span><\/strong><\/p>\n<p>Lluc 16, 15-1<\/p>\n<p>La llei volia construir un m\u00f3n de benedicci\u00f3 per la humanitat, per\u00f2 els homes i les dones la convertiren en legalisme, un legalisme que va quedar abolit amb l\u2019arribada de la Paraula, que ens portar el Regne de D\u00e9u, on cap de nosaltres som dignes d\u2019entrar-hi. No \u00e9s el nostre esfor\u00e7 \u00e9s la gr\u00e0cia del llenguatge de D\u00e9u que ens parla amb miseric\u00f2rdia.<\/p>\n<p><strong><span style=\"text-decoration: underline;\"><span style=\"color: #800080; text-decoration: underline;\">Diumenge, 25 de maig<\/span><\/span><\/strong><\/p>\n<p>Lluc 17, 1-4<\/p>\n<p>Moltes vegades pensem que all\u00f2 que pertorba la pau de la comunitat de D\u00e9u \u00e9s el mal que ocasionem els homes, per\u00f2 el cert \u00e9s que la manca de perd\u00f3 \u00e9s m\u00e9s perjudicial que el mal com\u00e9s, perqu\u00e8 els errors existeixen i amb ells hem de conviure, per\u00f2 si no som capa\u00e7os de perdonar no podem restablir la pau.<\/p>\n","protected":false},"excerpt":{"rendered":"<p>Dilluns, 19 de maig Lluc 12, 35-40 La vetlla \u00e9s la crida d\u2019un evangeli que no vol que ens adormin, perqu\u00e8 amb la confian\u00e7a del insensat esperem a dem\u00e0 per escoltar la Paraula, per\u00f2 Jes\u00fas ens insta a transformar-nos avui, a canviar ara, perqu\u00e8 el dem\u00e0 \u00e9s un futur fuga\u00e7, que pot escapar-se de les [&hellip;]<\/p>\n","protected":false},"author":1,"featured_media":0,"comment_status":"open","ping_status":"open","sticky":false,"template":"","format":"standard","meta":{"_jetpack_memberships_contains_paid_content":false,"footnotes":""},"categories":[7],"tags":[],"class_list":["post-640","post","type-post","status-publish","format-standard","hentry","category-meditacions-diaries"],"jetpack_featured_media_url":"","jetpack_sharing_enabled":true,"_links":{"self":[{"href":"https:\/\/eec.cat\/blog\/wp-json\/wp\/v2\/posts\/640","targetHints":{"allow":["GET"]}}],"collection":[{"href":"https:\/\/eec.cat\/blog\/wp-json\/wp\/v2\/posts"}],"about":[{"href":"https:\/\/eec.cat\/blog\/wp-json\/wp\/v2\/types\/post"}],"author":[{"embeddable":true,"href":"https:\/\/eec.cat\/blog\/wp-json\/wp\/v2\/users\/1"}],"replies":[{"embeddable":true,"href":"https:\/\/eec.cat\/blog\/wp-json\/wp\/v2\/comments?post=640"}],"version-history":[{"count":0,"href":"https:\/\/eec.cat\/blog\/wp-json\/wp\/v2\/posts\/640\/revisions"}],"wp:attachment":[{"href":"https:\/\/eec.cat\/blog\/wp-json\/wp\/v2\/media?parent=640"}],"wp:term":[{"taxonomy":"category","embeddable":true,"href":"https:\/\/eec.cat\/blog\/wp-json\/wp\/v2\/categories?post=640"},{"taxonomy":"post_tag","embeddable":true,"href":"https:\/\/eec.cat\/blog\/wp-json\/wp\/v2\/tags?post=640"}],"curies":[{"name":"wp","href":"https:\/\/api.w.org\/{rel}","templated":true}]}}