{"id":637,"date":"2014-05-17T05:29:32","date_gmt":"2014-05-17T05:29:32","guid":{"rendered":"http:\/\/eec.cat\/blog\/?p=637"},"modified":"2014-05-17T05:29:32","modified_gmt":"2014-05-17T05:29:32","slug":"un-llibre-homenatja-enric-capo-el-teoleg-referent-del-protestantisme-progressista-catala","status":"publish","type":"post","link":"https:\/\/eec.cat\/blog\/un-llibre-homenatja-enric-capo-el-teoleg-referent-del-protestantisme-progressista-catala\/","title":{"rendered":"Un llibre homenatja Enric Cap\u00f3, el te\u00f2leg referent del protestantisme progressista catal\u00e0"},"content":{"rendered":"<p><a href=\"http:\/\/eec.cat\/blog\/wp-content\/uploads\/2014\/05\/libro-enric-capo.jpg\"><img loading=\"lazy\" decoding=\"async\" class=\"aligncenter size-full wp-image-610\" src=\"http:\/\/eec.cat\/blog\/wp-content\/uploads\/2014\/05\/libro-enric-capo.jpg\" alt=\"libro enric capo\" width=\"370\" height=\"532\" srcset=\"https:\/\/eec.cat\/blog\/wp-content\/uploads\/2014\/05\/libro-enric-capo.jpg 370w, https:\/\/eec.cat\/blog\/wp-content\/uploads\/2014\/05\/libro-enric-capo-208x300.jpg 208w\" sizes=\"auto, (max-width: 370px) 100vw, 370px\" \/><\/a><\/p>\n<p>Font: Catalunya Cristiana<\/p>\n<p>(David Casals i Vila \u2013CR)\u00a0&#8220;No m&#8217;importaria que el protestantisme no tingu\u00e9s futur a Espanya si l&#8217;Evangeli el tingu\u00e9s. No importaria pas que les nostres petites comunitats no creixessin a la nostra terra, si el Crist creix\u00e9s en el cors dels homes&#8221;.\u00a0Aquest \u00e9s un dels molts pensaments d&#8217;<strong>Enric Cap\u00f3<\/strong>, pastor i te\u00f2leg protestant que va morir al mar\u00e7 de 2012, i que es recullen en un llibre que familiars i deixebles seus han fet per homenatjar-lo,\u00a0Per qu\u00e8 i per a qu\u00e8 s\u00f3c cristi\u00e0\u00a0(<span style=\"text-decoration: underline;\">Fliedner Ediciones<\/span>), que es presenta el proper dissabte a les 19.00 hores a l&#8217;<span style=\"text-decoration: underline;\">Esgl\u00e9sia Protestant de Barcelona Centre<\/span>, situada al n\u00famero 26 del carrer Tallers.<\/p>\n<p>&#8220;Era un pensador amb un tarann\u00e0 molt liberal, obert i molt hum\u00e0. No creia en cap condicionament moral discriminatori&#8221;, ha explicat en declaracions a Catalunya Religi\u00f3 la historiadora,\u00a0<strong>Carme Cap\u00f3<\/strong>, neboda de l&#8217;Enric, qui ha participat en l&#8217;edici\u00f3 d&#8217;aquest llibre elaborant un perfil biogr\u00e0fic sobre aquest pastor, que va col\u00b7laborar amb aquest portal des dels seus inicis fins poc abans de morir.<\/p>\n<p>&#8220;Tenia una viv\u00e8ncia de la fe oberta i liberal, on tothom \u00e9s benvingut. Estava en contra dels fanatismes&#8221;, explica la Carme Cap\u00f3, que defineix el llibre com &#8220;el testament vital d&#8217;un cristi\u00e0&#8221;, on es recopila una part dels seus articles.<br \/>\nLa primera part del llibre inclou els textos que ell mateix havia anat seleccionant, i que havia titulat &#8216;Per qu\u00e8 i per a qu\u00e8 s\u00f3c Cristi\u00e0&#8217;, t\u00edtol que han mantingut, on aborda v\u00e0ries tem\u00e0tiques com el comprom\u00eds personal que t\u00e9 un cristi\u00e0, la vida comunit\u00e0ria, la conviv\u00e8ncia amb els altres cristians i tamb\u00e9 els ateus, entre altres q\u00fcestions.<\/p>\n<p>Despr\u00e9s, s&#8217;ha afegit una segona part d&#8217;articles, que ha fet seleccionat una comissi\u00f3, on es recull la seva visi\u00f3 del m\u00f3n, amb reflexions sobre temes que aixequen controv\u00e8rsia, com ara la homosexualitat. Segons Carme Cap\u00f3, l&#8217;Enric, que era un gran seguidor del te\u00f2leg\u00a0Karl Barth, &#8220;qui crea que s&#8217;havia de dur una B\u00edblia en una m\u00e0, i en l&#8217;altra, el diari&#8221; i aquest \u00e9s l&#8217;esperit amb el que s&#8217;han guiat.<\/p>\n<p><strong>Tarann\u00e0 obert<\/strong><\/p>\n<p>L&#8217;<span style=\"text-decoration: underline;\">acte de presentaci\u00f3<\/span>\u00a0del llibre pret\u00e9n ser un exemple del cristianisme obert i ecum\u00e8nic que l&#8217;Enric Cap\u00f3 defensava. Per aix\u00f2, hi han convidat el deg\u00e0 de la Facultat de Teologia de Catalunya,\u00a0<strong>Armand Puig<\/strong>, company de l&#8217;Enric en les traduccions b\u00edbliques ecum\u00e8niques; i el caputx\u00ed\u00a0<strong>Joan Botam<\/strong>, company de l&#8217;Enric en el Centre Ecum\u00e8nic de Catalunya.<\/p>\n<p>Tamb\u00e9 intervindran el cr\u00edtic d&#8217;art de tradici\u00f3 protestant\u00a0<strong>Daniel Giralt-Miracle<\/strong>, autor del pr\u00f2leg del llibre; una de les seves filles,\u00a0<strong>Carolina Cap\u00f3<\/strong>, en nom de la fam\u00edlia, i l&#8217;autor de la introducci\u00f3 del llibre i coordinador de l&#8217;equip de treball que ha seleccionat els textos,\u00a0<strong>Samuel Fabra<\/strong>.<\/p>\n<p>Carme Cap\u00f3 recorda altres frases de l&#8217;Enric, que han estat presents a l&#8217;hora d&#8217;elaborar aquest llibre. &#8220;No hem de ser anticat\u00f2lics, sin\u00f3 cristians amb els altres cristians&#8221;, en refer\u00e8ncia a l&#8217;ecumenisme. I tamb\u00e9: &#8220;El nostre cristianisme ha de ser, com sempre en l&#8217;Evangeli, agressiu. No en l&#8217;agressivitat de l&#8217;orgull i l&#8217;egoisme, sin\u00f3 en l&#8217;amor per\u00f2 sobretot sense fanatisme&#8221;.<\/p>\n<p><strong>Comprom\u00e8s amb la fe i amb la llibertat<\/strong><\/p>\n<p>La traject\u00f2ria d&#8217;Enric Cap\u00f3 \u00e9s la d&#8217;un pastor comprom\u00e8s amb el protestantisme catal\u00e0, l&#8217;ecumenisme, el di\u00e0leg interreligi\u00f3s, i tamb\u00e9 amb les llibertats. Fou pastor en diferents comunitats de l&#8217;<span style=\"text-decoration: underline;\">Esgl\u00e9sia Evang\u00e8lica de Catalunya<\/span>\u00a0i el 1972 fou jutjat pel Tribunal de Orden P\u00fablico (TOP) per ser el director d&#8217;una publicaci\u00f3 evang\u00e8lica cr\u00edtica amb el nacionalcatolicisme, &#8216;Carta Circular&#8217;, revista que fou suspesa fins 1977.<\/p>\n<p>L&#8217;Enric Cap\u00f3 descendia d&#8217;una fam\u00edlia d&#8217;origen balear compromesa des de finals del segle XIX amb el protestantisme (m\u00e9s concretament, amb el metodisme): almenys vuit dels seus membres han exercir la pastoraci\u00f3.<\/p>\n","protected":false},"excerpt":{"rendered":"<p>Font: Catalunya Cristiana (David Casals i Vila \u2013CR)\u00a0&#8220;No m&#8217;importaria que el protestantisme no tingu\u00e9s futur a Espanya si l&#8217;Evangeli el tingu\u00e9s. No importaria pas que les nostres petites comunitats no creixessin a la nostra terra, si el Crist creix\u00e9s en el cors dels homes&#8221;.\u00a0Aquest \u00e9s un dels molts pensaments d&#8217;Enric Cap\u00f3, pastor i te\u00f2leg protestant [&hellip;]<\/p>\n","protected":false},"author":1,"featured_media":0,"comment_status":"open","ping_status":"open","sticky":false,"template":"","format":"standard","meta":{"_jetpack_memberships_contains_paid_content":false,"footnotes":""},"categories":[1],"tags":[],"class_list":["post-637","post","type-post","status-publish","format-standard","hentry","category-general"],"jetpack_featured_media_url":"","jetpack_sharing_enabled":true,"_links":{"self":[{"href":"https:\/\/eec.cat\/blog\/wp-json\/wp\/v2\/posts\/637","targetHints":{"allow":["GET"]}}],"collection":[{"href":"https:\/\/eec.cat\/blog\/wp-json\/wp\/v2\/posts"}],"about":[{"href":"https:\/\/eec.cat\/blog\/wp-json\/wp\/v2\/types\/post"}],"author":[{"embeddable":true,"href":"https:\/\/eec.cat\/blog\/wp-json\/wp\/v2\/users\/1"}],"replies":[{"embeddable":true,"href":"https:\/\/eec.cat\/blog\/wp-json\/wp\/v2\/comments?post=637"}],"version-history":[{"count":0,"href":"https:\/\/eec.cat\/blog\/wp-json\/wp\/v2\/posts\/637\/revisions"}],"wp:attachment":[{"href":"https:\/\/eec.cat\/blog\/wp-json\/wp\/v2\/media?parent=637"}],"wp:term":[{"taxonomy":"category","embeddable":true,"href":"https:\/\/eec.cat\/blog\/wp-json\/wp\/v2\/categories?post=637"},{"taxonomy":"post_tag","embeddable":true,"href":"https:\/\/eec.cat\/blog\/wp-json\/wp\/v2\/tags?post=637"}],"curies":[{"name":"wp","href":"https:\/\/api.w.org\/{rel}","templated":true}]}}