{"id":631,"date":"2014-05-12T08:12:17","date_gmt":"2014-05-12T08:12:17","guid":{"rendered":"http:\/\/eec.cat\/blog\/?p=631"},"modified":"2014-05-12T08:12:17","modified_gmt":"2014-05-12T08:12:17","slug":"dia-dia-12-de-maig-18-de-maig","status":"publish","type":"post","link":"https:\/\/eec.cat\/blog\/dia-dia-12-de-maig-18-de-maig\/","title":{"rendered":"Dia a Dia. 12 de maig &#8211; 18 de maig."},"content":{"rendered":"<p><strong><span style=\"text-decoration: underline;\"><a href=\"http:\/\/eec.cat\/blog\/wp-content\/uploads\/2013\/10\/nares.jpg\"><img loading=\"lazy\" decoding=\"async\" class=\"alignleft size-thumbnail wp-image-332\" src=\"http:\/\/eec.cat\/blog\/wp-content\/uploads\/2013\/10\/nares-150x150.jpg\" alt=\"nares\" width=\"150\" height=\"150\" \/><\/a>Dilluns, 12 de maig<\/span><\/strong><\/p>\n<p>Lluc 6, 27-36<\/p>\n<p>El canvi radical al que som cridats comen\u00e7a en l\u2019escoltar, perqu\u00e8 \u00e9s quan hem sentit la Paraula que podrem respondre a ella, perqu\u00e8 D\u00e9u ha vessat sobre nosaltres mots de perd\u00f3, just\u00edcia i miseric\u00f2rdia, perqu\u00e8 els interioritzem i transformen les nostres vides en ells.<br \/>\n<strong><span style=\"text-decoration: underline;\">Dimarts, 13 de maig<\/span><\/strong><\/p>\n<p>Lluc 6, 45-46<\/p>\n<p>Del llenguatge amb el que omplim el nostre cor i les nostres construirem les paraules que governaren les nostres vides. All\u00f2 que guardem dins nostre ser\u00e0 all\u00f2 que parlarem, per aix\u00f2 hem de treballar per omplir-nos de la Paraula que s\u2019encarna a trav\u00e9s de l\u2019Esperit Sant.<br \/>\n<strong><span style=\"text-decoration: underline;\">Dimecres, 14 de maig<\/span><\/strong><\/p>\n<p>Lluc 10, 23-24<\/p>\n<p>Se\u2019ns ha concedit un gran do, el do de veure a Jes\u00fas, el do d\u2019escoltar la seva paraula, per\u00f2 aquest regal no \u00e9s pas un fi per nosaltres mateixos, ans al contrari, com hem sentit i escoltat, som cridats a transformar el m\u00f3n que ens envolta, per que altres vegin i escoltin a D\u00e9u.<br \/>\n<strong><span style=\"text-decoration: underline;\">Dijous, 15 de maig<\/span><\/strong><\/p>\n<p>Lluc 10, 30-37<\/p>\n<p>La par\u00e0bola del Bon Samarit\u00e0 \u00e9s arxiconeguda, i moltes vegades, de tant haver sentit aquestes paraules, han perdut el poder transformador que contenen. Per aix\u00f2 et proposo que canvi\u00efs els personatges: un comercial anava a Barcelona, i el van assaltar, van passar un cristi\u00e0 i el director d\u2019una ONG, per\u00f2 no el van ajudar. M\u00e9s tard una prostituta \u00e9s par\u00e0 i el va socorre. Canvia ara?<br \/>\n<strong><span style=\"text-decoration: underline;\">Divendres, 16 de maig<\/span><\/strong><\/p>\n<p>Lluc 11, 9-13<\/p>\n<p>La confian\u00e7a en la Paraula de D\u00e9u, dita i viscuda en Jes\u00fas, ens ha de ser al\u00e8 per esperar del Senyor el millor per nosaltres, moltes vegades les respostes no s\u00f3n les que esperem, moltes vegades \u00e9s el silenci all\u00f2 que escoltem, per\u00f2 en tot tr\u00e0ngol, en tot moment de patiment, en ell trobarem la for\u00e7a per tirar endavant.<br \/>\n<strong><span style=\"text-decoration: underline;\">Dissabte, 17 de maig<\/span><\/strong><\/p>\n<p>Lluc 12, 13-15<\/p>\n<p>El llenguatge de la economia ens diu que el nostre valor \u00e9s aquell que s\u2019adquireix a trav\u00e9s de les nostres possessions, que la seguretat de la nostra vida es funda en la capacitat de mantenir-nos; per\u00f2 el cert \u00e9s que tota vida \u00e9s digna, m\u00e9s enll\u00e0 del que t\u00e9 o pot aconseguir. Quina \u00e9s la ess\u00e8ncia de la meva vida? Moltes m\u00e9s que all\u00f2 que tinc, m\u00e9s aviat \u00e9s all\u00f2 que s\u00f3c.<br \/>\n<strong><span style=\"text-decoration: underline;\">Diumenge, 18 de maig<\/span><\/strong><\/p>\n<p>Lluc 12, 16-21<\/p>\n<p>En qu\u00e8 afanarem les nostres forces? A qu\u00e8 dedicarem els nostres recursos? Naixem i morim, i all\u00f2 que aqu\u00ed constru\u00efm aqu\u00ed \u00e9s queda, per\u00f2 all\u00f2 de perdurable que per l\u2019eternitat ens acompanyar\u00e0 \u00e9s el que neix de la Paraula de D\u00e9u, \u00e9s all\u00f2 tan intangible com l\u2019amor i la donaci\u00f3 als altres.<\/p>\n","protected":false},"excerpt":{"rendered":"<p>Dilluns, 12 de maig Lluc 6, 27-36 El canvi radical al que som cridats comen\u00e7a en l\u2019escoltar, perqu\u00e8 \u00e9s quan hem sentit la Paraula que podrem respondre a ella, perqu\u00e8 D\u00e9u ha vessat sobre nosaltres mots de perd\u00f3, just\u00edcia i miseric\u00f2rdia, perqu\u00e8 els interioritzem i transformen les nostres vides en ells. Dimarts, 13 de maig [&hellip;]<\/p>\n","protected":false},"author":1,"featured_media":0,"comment_status":"open","ping_status":"open","sticky":false,"template":"","format":"standard","meta":{"_jetpack_memberships_contains_paid_content":false,"footnotes":""},"categories":[7],"tags":[],"class_list":["post-631","post","type-post","status-publish","format-standard","hentry","category-meditacions-diaries"],"jetpack_featured_media_url":"","jetpack_sharing_enabled":true,"_links":{"self":[{"href":"https:\/\/eec.cat\/blog\/wp-json\/wp\/v2\/posts\/631","targetHints":{"allow":["GET"]}}],"collection":[{"href":"https:\/\/eec.cat\/blog\/wp-json\/wp\/v2\/posts"}],"about":[{"href":"https:\/\/eec.cat\/blog\/wp-json\/wp\/v2\/types\/post"}],"author":[{"embeddable":true,"href":"https:\/\/eec.cat\/blog\/wp-json\/wp\/v2\/users\/1"}],"replies":[{"embeddable":true,"href":"https:\/\/eec.cat\/blog\/wp-json\/wp\/v2\/comments?post=631"}],"version-history":[{"count":0,"href":"https:\/\/eec.cat\/blog\/wp-json\/wp\/v2\/posts\/631\/revisions"}],"wp:attachment":[{"href":"https:\/\/eec.cat\/blog\/wp-json\/wp\/v2\/media?parent=631"}],"wp:term":[{"taxonomy":"category","embeddable":true,"href":"https:\/\/eec.cat\/blog\/wp-json\/wp\/v2\/categories?post=631"},{"taxonomy":"post_tag","embeddable":true,"href":"https:\/\/eec.cat\/blog\/wp-json\/wp\/v2\/tags?post=631"}],"curies":[{"name":"wp","href":"https:\/\/api.w.org\/{rel}","templated":true}]}}