{"id":627,"date":"2014-05-11T16:45:53","date_gmt":"2014-05-11T16:45:53","guid":{"rendered":"http:\/\/eec.cat\/blog\/?p=627"},"modified":"2014-05-12T08:06:55","modified_gmt":"2014-05-12T08:06:55","slug":"el-aborto-entre-la-ley-y-el-evangelio","status":"publish","type":"post","link":"https:\/\/eec.cat\/blog\/el-aborto-entre-la-ley-y-el-evangelio\/","title":{"rendered":"El aborto, entre la ley y el evangelio"},"content":{"rendered":"<p><a href=\"http:\/\/eec.cat\/blog\/wp-content\/uploads\/2014\/05\/DSC08541-2.jpg\"><img loading=\"lazy\" decoding=\"async\" class=\"alignleft size-thumbnail wp-image-628\" src=\"http:\/\/eec.cat\/blog\/wp-content\/uploads\/2014\/05\/DSC08541-2-150x150.jpg\" alt=\"DSC08541 (2)\" width=\"150\" height=\"150\" \/><\/a><\/p>\n<p>El pastor Enric Cap\u00f3 va publicar aquest article el 22 de juny de 2009 a la Revista Lupa Protestante. Degut a l\u2019actualitat del tema de l\u2019avortament novament a l\u2019estat espanyol hem volgut tornar-ho a publicar.<br \/>\nD\u2019aquest i d\u2019altres articles que va escriure s\u2019ha fet un recull amb el t\u00edtol del llibre: Per qu\u00e8 i per a qu\u00e8 s\u00f3c cristi\u00e0 la presentaci\u00f3 del qual es celebrar\u00e0 el dia 17 de maig a les 19 h. a l\u2019Esgl\u00e9sia Protestant de Barcelona Centre.<\/p>\n<p>Font: lUPA PROTESTANTE. 22\/06\/2009<\/p>\n<p>ENRIC CAPO PUIG\u00b7<br \/>\nAnte la cuesti\u00f3n del aborto, los obispos espa\u00f1oles, en una declaraci\u00f3n institucional, han optado por la ley represiva. Como siempre. Al menos, como casi siempre. Lo suyo es mandar, imponer, castigar. Una ley permisiva, como el anteproyecto que ha presentado el Gobierno, debe ser rechazada (\u201cning\u00fan cat\u00f3lico coherente con su fe podr\u00e1 aprobarla ni darle su voto\u201d). Seg\u00fan ellos, deber\u00edamos volver a las leyes represivas del franquismo. El aborto, seg\u00fan afirman en su Declaraci\u00f3n, deber\u00eda estar totalmente prohibido, ya que vulnera el derecho a la vida de un ser humano.<\/p>\n<p>Nos parece muy l\u00edcito y muy acertado que los obispos hablen a los miembros de su iglesia sobre el valor de la vida humana y de nuestro deber de protegerla. Su concepto de la vida y su rechazo absoluto de la posibilidad del aborto es una postura digna de ser tenida en cuenta. Y, leyendo su declaraci\u00f3n, no podemos menos de estar de acuerdo con muchas de sus afirmaciones. En un mundo desquiciado como en nuestro, donde estamos perdiendo importantes valores tradicionales, hemos de respetar profundamente los razonamientos de una instituci\u00f3n milenaria, como la Iglesia Cat\u00f3lica, que tambi\u00e9n tiene cosas importantes que decir.<\/p>\n<p>Donde no podemos seguir a la Iglesia Cat\u00f3lica es en su pretensi\u00f3n de imponer en el pa\u00eds leyes represivas. No nos llevan a ninguna parte. En este campo, las leyes represivas nos han llevado a situaciones que claman al cielo: a las cl\u00ednicas clandestinas, a los abortos en condiciones inaceptables, a la explotaci\u00f3n de mujeres embarazadas, al enriquecimiento de personas sin escr\u00fapulos que, sin preparaci\u00f3n alguna, se han dedicado a pr\u00e1cticas abortivas, a los viajes secretos a Londres, etc. La represi\u00f3n nunca ser\u00e1 un camino adecuado para detener el aborto que, por muchos argumentos en contra que aportemos, es, finalmente, un asunto propio y privado de la mujer encinta.<\/p>\n<p>Por esto, creemos que los obispos se equivocan al a\u00f1orar situaciones anteriores y desear restablecerlas. Si la sociedad espa\u00f1ola estima que la Ley de plazos, que ha dado buenos resultados en otras partes, es la que debe regir en Espa\u00f1a, no tenemos derecho a ponerle obst\u00e1culos, aun cuando no nos satisfaga ni creamos que es compatible con los postulados del evangelio. Nadie obliga a nadie a abortar. Ninguna ley puede hacerlo. No hay tampoco una declaraci\u00f3n moral sobre esta pr\u00e1ctica. Lo \u00fanico que hace el Anteproyecto del Gobierno es proponer una despenalizaci\u00f3n m\u00e1s amplia que la actual que est\u00e1 reducida a tres supuestos. \u00bfFavorecer\u00e1 esto la pr\u00e1ctica del aborto en Espa\u00f1a? Creemos que no. La experiencia holandesa, con una legislaci\u00f3n de las m\u00e1s permisivas del mundo, muestra que no ha sido as\u00ed. Holanda es uno de los pa\u00edses con un \u00edndice m\u00e1s bajo de abortos. En este contexto, hay que recordar que\u00a0los pa\u00edses con menores \u00edndices incluyen la asignatura de educaci\u00f3n sexual. No todo se soluciona con la represi\u00f3n. Hay otros caminos mucho m\u00e1s acertados.<\/p>\n<p>Otro de estos caminos es el del Evangelio. Es una l\u00e1stima que los obispos no se hayan limitado a proclamar entre los suyos el mensaje liberador del evangelio de Cristo. Es verdad que no est\u00e1 ausente de su Declaraci\u00f3n, pero se halla obscurecido por su insistencia en la represi\u00f3n. Para nosotros, los cristianos evang\u00e9licos, las leyes cumplen su funci\u00f3n en el mundo en que vivimos, pero no son nuestra norma de conducta. Esta se halla s\u00f3lo en la Palabra de Dios, lo que significa que somos llamados a vivir la vida cristiana en la libertad de los que aceptan gozosamente el yugo de Cristo. La cuesti\u00f3n del aborto no la hemos de ver a la luz de los l\u00edmites que nos vienen de fuera, es decir, no nos hemos de regir por normas coercitivas que nos se\u00f1ale la sociedad o las leyes, sino por Aquel que inspira y rige nuestra vida cristiana. Vivimos el evangelio y \u00e9ste nos muestra, en cada situaci\u00f3n concreta, cual es el camino que hemos de seguir o, al menos, nos da pautas de conducta.<\/p>\n<p>La vida es un don de Dios y es nuestra obligaci\u00f3n y nuestro privilegio protegerla, incluso cuando no es m\u00e1s que un proyecto. Por esto el aborto est\u00e1 fuera de nuestras perspectivas de futuro. Considerarlo un m\u00e9todo de limitaci\u00f3n de nacimientos o una comodidad para no complicarnos la vida, son caminos que nos cerramos a nosotros mismos, sin por ello dejar de mantener puertas abiertas ante situaciones que podemos presentar en conciencia delante de Dios. Por esto respetamos, por ejemplo, a los que se acogen a los tres supuestos de la ley actual. No por ser legales son l\u00edcitos para el creyente. Nuestra licitud nos viene de arriba, del que nos ha llamado de las tinieblas a la luz. Es all\u00ed, ante Dios, que hemos de tomar nuestras decisiones. Y en estas situaciones es muy importante que la Iglesia, y en su caso la sociedad, ofrezcamos a las posibles candidatas al aborto soluciones y oportunidades de futuro. Lo peor es la soledad y el abandono en que dejamos a las que se encuentran con embarazos no deseados. No vale esto de decir, como hacen los obispos, que el principio de vida que hay en ellas no es un asunto privado y que la mujer no tiene derecho a tomar decisiones, si a la hora de verdad la dejamos sola, a su suerte con su problema. Su problema es nuestro problema y no podemos agravarlo amenazando con penas religiosas o seculares. Por mucho que estemos convencidos del acierto de nuestro an\u00e1lisis del problema, no tenemos derecho a condicionar las decisiones de quienes lo viven en su propia carne.<\/p>\n<p>Nosotros, los hombres y mujeres de este mundo, no nos movemos en el terreno de lo bueno y lo malo, del pecado y la virtud, del blanco y el negro; sino en el mundo de los grises y de los colores difusos, en el que hay que tomar decisiones personales que no se nos dan hechas; que implican la aplicaci\u00f3n de nuestro criterio y la aceptaci\u00f3n de nuestra responsabilidad. A esto nos mueve el evangelio y no hay escapatoria posible. Las hemos de afrontar a la luz de la fe y de la esperanza que hay en nosotros. Nos resistimos a hablar en este contexto \u2013y en otros muchos- de pecado. No se trata de esto. Se trata de buscar y encontrar, en un momento dado, caminos que respondan adecuadamente al llamamiento espec\u00edfico que hemos recibido y a nuestra vocaci\u00f3n cristiana.<\/p>\n","protected":false},"excerpt":{"rendered":"<p>El pastor Enric Cap\u00f3 va publicar aquest article el 22 de juny de 2009 a la Revista Lupa Protestante. Degut a l\u2019actualitat del tema de l\u2019avortament novament a l\u2019estat espanyol hem volgut tornar-ho a publicar. D\u2019aquest i d\u2019altres articles que va escriure s\u2019ha fet un recull amb el t\u00edtol del llibre: Per qu\u00e8 i per [&hellip;]<\/p>\n","protected":false},"author":1,"featured_media":0,"comment_status":"open","ping_status":"open","sticky":false,"template":"","format":"standard","meta":{"_jetpack_memberships_contains_paid_content":false,"footnotes":""},"categories":[6],"tags":[],"class_list":["post-627","post","type-post","status-publish","format-standard","hentry","category-reflexions"],"jetpack_featured_media_url":"","jetpack_sharing_enabled":true,"_links":{"self":[{"href":"https:\/\/eec.cat\/blog\/wp-json\/wp\/v2\/posts\/627","targetHints":{"allow":["GET"]}}],"collection":[{"href":"https:\/\/eec.cat\/blog\/wp-json\/wp\/v2\/posts"}],"about":[{"href":"https:\/\/eec.cat\/blog\/wp-json\/wp\/v2\/types\/post"}],"author":[{"embeddable":true,"href":"https:\/\/eec.cat\/blog\/wp-json\/wp\/v2\/users\/1"}],"replies":[{"embeddable":true,"href":"https:\/\/eec.cat\/blog\/wp-json\/wp\/v2\/comments?post=627"}],"version-history":[{"count":0,"href":"https:\/\/eec.cat\/blog\/wp-json\/wp\/v2\/posts\/627\/revisions"}],"wp:attachment":[{"href":"https:\/\/eec.cat\/blog\/wp-json\/wp\/v2\/media?parent=627"}],"wp:term":[{"taxonomy":"category","embeddable":true,"href":"https:\/\/eec.cat\/blog\/wp-json\/wp\/v2\/categories?post=627"},{"taxonomy":"post_tag","embeddable":true,"href":"https:\/\/eec.cat\/blog\/wp-json\/wp\/v2\/tags?post=627"}],"curies":[{"name":"wp","href":"https:\/\/api.w.org\/{rel}","templated":true}]}}