{"id":601,"date":"2014-04-29T09:19:32","date_gmt":"2014-04-29T09:19:32","guid":{"rendered":"http:\/\/eec.cat\/blog\/?p=601"},"modified":"2014-04-29T09:19:32","modified_gmt":"2014-04-29T09:19:32","slug":"hem-deixat-de-banda-la-humanitat-en-el-relat-de-la-passio","status":"publish","type":"post","link":"https:\/\/eec.cat\/blog\/hem-deixat-de-banda-la-humanitat-en-el-relat-de-la-passio\/","title":{"rendered":"Hem deixat de banda la humanitat en el relat de la Passi\u00f3"},"content":{"rendered":"<p><a href=\"http:\/\/eec.cat\/blog\/wp-content\/uploads\/2014\/04\/IMG_9000.jpg\"><img loading=\"lazy\" decoding=\"async\" class=\"aligncenter size-large wp-image-602\" alt=\"IMG_9000\" src=\"http:\/\/eec.cat\/blog\/wp-content\/uploads\/2014\/04\/IMG_9000-1024x1024.jpg\" width=\"1024\" height=\"1024\" srcset=\"https:\/\/eec.cat\/blog\/wp-content\/uploads\/2014\/04\/IMG_9000-1024x1024.jpg 1024w, https:\/\/eec.cat\/blog\/wp-content\/uploads\/2014\/04\/IMG_9000-150x150.jpg 150w, https:\/\/eec.cat\/blog\/wp-content\/uploads\/2014\/04\/IMG_9000-300x300.jpg 300w\" sizes=\"auto, (max-width: 1024px) 100vw, 1024px\" \/><\/a><\/p>\n<p>Font Catalunya cristiana. (David Casals i Vila \u2013 CR)<\/p>\n<p>Dijous Sant. 20 hores. A l&#8217;Esgl\u00e9sia Protestant de Barcelona Centre (<a href=\"http:\/\/www.esglesiatallers.org\">www.esglesiatallers.org<\/a>), al carrer Tallers. Arrenca un culte unit de Dijous Sant. El presideix la pastora de la comunitat, Marta L\u00f3pez Ballalta, i arrenca la seva predicaci\u00f3 tot dient: \u201cHem deixat de banda la humanitat en el relat de la Passi\u00f3\u201d. En el culte, s&#8217;ha cantat un dels himnes m\u00e9s tradicionals en el m\u00f3n protestant per aquestes dates, &#8216;Oh, testa lacerada!&#8217; (<a href=\"http:\/\/www.himnescristians.com\/072.html\">http:\/\/www.himnescristians.com\/072.html<\/a>).<\/p>\n<p>Al llarg del seu serm\u00f3, la pastora pret\u00e9n aproximar-nos al relat de les \u00faltimes hores de la vida de Jes\u00fas des d&#8217;una perspectiva diferent. Convida als creients a rellegir el relat dels Evangelis, per\u00f2 aproximar-se a ell des d&#8217;una forma estrictament humana.<\/p>\n<p>\u201cPotser haur\u00edem de deixar de banda les teories per apropar-nos-hi com som nosaltres. Homes i dones. Deixem de mirar els textos des de la perspectiva de D\u00e9u i fem-ho com a \u00e9ssers humans\u201d, explica.<\/p>\n<p>Despr\u00e9s d&#8217;aquesta invitaci\u00f3, certifica una paradoxa. Les \u00faltimes hores de la vida de Jes\u00fas (la Pasqua cristiana) succeeixen en la Pasqua jueva, quan els israelites recorden \u201cla vict\u00f2ria de D\u00e9u, el naixement com a poble, l&#8217;alliberament de quan eren esclaus a Egipte\u201d.<\/p>\n<p>La Pasqua cristiana, indica, t\u00e9 un gran eix: la nova espiritualitat que proposa Jes\u00fas. \u201c\u00c9s una manera diferent de construir el poble de D\u00e9u\u201d. Qui el segueixen? \u201cMultitud de desnonats, malalts, impurs, prostitutes\u201d. \u201cJes\u00fas posa en perill el poder preestablert, la forma en qu\u00e8 la religiositat s&#8217;havia institucionalitzat\u201d, afegeix.<\/p>\n<p>El relat b\u00edblic no ha de servir \u00fanicament per recordar uns fets que fan passar fa dos mil\u00b7lenis. Segueixen sent plenament vigent. El cristi\u00e0, explica, ha de trencar barreres i treballar per una societat m\u00e9s justa.<\/p>\n<p>Jes\u00fas no va tenir por per aconseguir-ho. \u201cQuantes vegades la por ens porta a la tra\u00efci\u00f3 amb all\u00f2 que creiem, amb les persones que estimem? La por empresona a les persones dins dels sistemes d&#8217;injust\u00edcia i ens diu que no podem canviar res\u201d. I precisament, no tenir por i treballar per aconseguir que sigui una realitat el Regne de D\u00e9u a la terra \u00e9s l&#8217;objectiu que han de cercar els cristians.<\/p>\n","protected":false},"excerpt":{"rendered":"<p>Font Catalunya cristiana. (David Casals i Vila \u2013 CR) Dijous Sant. 20 hores. A l&#8217;Esgl\u00e9sia Protestant de Barcelona Centre (www.esglesiatallers.org), al carrer Tallers. Arrenca un culte unit de Dijous Sant. El presideix la pastora de la comunitat, Marta L\u00f3pez Ballalta, i arrenca la seva predicaci\u00f3 tot dient: \u201cHem deixat de banda la humanitat en el [&hellip;]<\/p>\n","protected":false},"author":1,"featured_media":0,"comment_status":"open","ping_status":"open","sticky":false,"template":"","format":"standard","meta":{"_jetpack_memberships_contains_paid_content":false,"footnotes":""},"categories":[6],"tags":[],"class_list":["post-601","post","type-post","status-publish","format-standard","hentry","category-reflexions"],"jetpack_featured_media_url":"","jetpack_sharing_enabled":true,"_links":{"self":[{"href":"https:\/\/eec.cat\/blog\/wp-json\/wp\/v2\/posts\/601","targetHints":{"allow":["GET"]}}],"collection":[{"href":"https:\/\/eec.cat\/blog\/wp-json\/wp\/v2\/posts"}],"about":[{"href":"https:\/\/eec.cat\/blog\/wp-json\/wp\/v2\/types\/post"}],"author":[{"embeddable":true,"href":"https:\/\/eec.cat\/blog\/wp-json\/wp\/v2\/users\/1"}],"replies":[{"embeddable":true,"href":"https:\/\/eec.cat\/blog\/wp-json\/wp\/v2\/comments?post=601"}],"version-history":[{"count":0,"href":"https:\/\/eec.cat\/blog\/wp-json\/wp\/v2\/posts\/601\/revisions"}],"wp:attachment":[{"href":"https:\/\/eec.cat\/blog\/wp-json\/wp\/v2\/media?parent=601"}],"wp:term":[{"taxonomy":"category","embeddable":true,"href":"https:\/\/eec.cat\/blog\/wp-json\/wp\/v2\/categories?post=601"},{"taxonomy":"post_tag","embeddable":true,"href":"https:\/\/eec.cat\/blog\/wp-json\/wp\/v2\/tags?post=601"}],"curies":[{"name":"wp","href":"https:\/\/api.w.org\/{rel}","templated":true}]}}