{"id":597,"date":"2014-04-28T08:05:50","date_gmt":"2014-04-28T08:05:50","guid":{"rendered":"http:\/\/eec.cat\/blog\/?p=597"},"modified":"2014-04-28T08:05:50","modified_gmt":"2014-04-28T08:05:50","slug":"la-cadena-humana","status":"publish","type":"post","link":"https:\/\/eec.cat\/blog\/la-cadena-humana\/","title":{"rendered":"La cadena humana"},"content":{"rendered":"<p><a href=\"http:\/\/eec.cat\/blog\/wp-content\/uploads\/2014\/04\/dqpwc9wp224q.jpeg\"><img loading=\"lazy\" decoding=\"async\" class=\"aligncenter size-full wp-image-598\" alt=\"dqpwc9wp224q\" src=\"http:\/\/eec.cat\/blog\/wp-content\/uploads\/2014\/04\/dqpwc9wp224q.jpeg\" width=\"226\" height=\"151\" \/><\/a><\/p>\n<p>En les darreres d\u00e8cades han proliferat les ONG. Amb un objectiu concret, cadascuna d\u2019elles es dedica a apaivagar arreu del m\u00f3n les necessitats que hi poden haver-hi tant en l&#8217;\u00e0mbit hum\u00e0, animal, econ\u00f2mic o medi ambiental. Les causes del naixement de les ONG es deuen a fet que els governs i estaments oficials no fan res o no fan el suficient per solucionar els problemes de la seva poblaci\u00f3.<\/p>\n<p>El funcionament d\u2019aquestes ONG \u00e9s senzill. Per un costat hi ha persones que hi treballen activament. Aquestes persones estan despla\u00e7ades a la regi\u00f3 conflictiva i per un salari m\u00e9s o menys modest hi treballen. Per l\u2019altre costat hi ha els socis que es comprometen a contribuir econ\u00f2micament amb aportacions fixes o espor\u00e0diques. \u00c9s bo i necessari que la poblaci\u00f3 es bolqui a donar suport a aquestes oneg\u00e9s perqu\u00e8 tinguin els recursos necessaris per poder desenvolupar la seva tasca. Estic conven\u00e7ut que molts de vosaltres hi esteu col\u00b7laborant.<\/p>\n<p>Cal recordar que l\u2019origen de les ONG s\u2019inspira en la vocaci\u00f3 de les esgl\u00e9sies per la just\u00edcia social. Aquestes mogudes per un sentiment de renovaci\u00f3 espiritual i una profunda viv\u00e8ncia de l\u2019evangeli es van llen\u00e7ar a l\u2019aventura d\u2019obrir en els barris deprimits de les ciutats centres d&#8217;ajuda, escoles, infermeries i hospitals per la poblaci\u00f3 m\u00e9s desafavorida. Per\u00f2 a difer\u00e8ncia de les ONG, les esgl\u00e9sies s\u2019esfor\u00e7aven a donar una dimensi\u00f3 de dignitat a la vida. No es conformaven en donar una ajuda econ\u00f2mica sin\u00f3 que s\u2019involucraven tamb\u00e9 en la vida espiritual de la persona de manera aquesta canviava la seva actitud davant la vida. Vull recordar que el metodisme es caracteritza per la seva implicaci\u00f3 en l\u2019ajut social.<\/p>\n<p>El gran avantatge de les ONG \u00e9s que conjuminen recursos per poder ser m\u00e9s eficients i efica\u00e7os i fer arribar l\u2019ajuda a llocs on individualment no ens seria possible.<\/p>\n<p>Per\u00f2 tot i lo positives que s\u00f3n les ONG, aquestes amaguen un perill per nosaltres. Amb una quota mensual m\u00e9s o menys modesta podem sentir-nos b\u00e9 amb nosaltres mateixos, satisfets de tenir una actitud solid\u00e0ria amb aquest tercer m\u00f3n que pateix tant com lluny \u00e9s de nosaltres. \u00c9s una ajuda neta, as\u00e8ptica, sense contacte i perqu\u00e8 no dir-ho, sense amor. \u00c9s una almoina que ens fa sentir b\u00e9 amb l\u2019avantatge de qu\u00e8 no ens reporta problemes. Caldria preguntar-nos si les nostres aportacions les fem per una convicci\u00f3 altruista i compromeses amb el dolor i el patiment del m\u00f3n o les fem per justificar-nos davant la nostra consci\u00e8ncia. Quina \u00e9s l\u2019actitud que tenim davant el dolor del m\u00f3n? Quin \u00e9s el motiu pel qual col\u00b7laborem amb la lluita contra la injust\u00edcia? Cal que ens preguntem quina \u00e9s la ra\u00f3 \u00edntima que ens mou a pagar una quota a una ONG.<\/p>\n<p>Per\u00f2 al mateix temps que la nostra societat ha evolucionat fins al punt de crear organitzacions sense afany de lucre d\u2019ajuda als desafavorits, tamb\u00e9 ha desenvolupat una forta actitud individualista, de manera que es d\u00f3na la paradoxa que podem estar col\u00b7laborant amb una ONG que ajuda a una comunitat de l\u2019\u00c0frica subsahariana i al mateix temps estem ignorant les necessitats del nostre ve\u00ed.<\/p>\n<p>Sembla que tenim m\u00e9s inclinaci\u00f3 a crear organitzacions per resoldre la pobresa d\u2019ultramar, que a soc\u00f3rrer la persona que est\u00e0 al nostre costat. En el llibre Blanco rico busca negro pobre ed. Roca editorial de libros l\u2019autor, Gustau Ner\u00edn, desmitifica la cooperaci\u00f3 internacional i posa en dubte les bondats de les ONG i les ajudes oficials pel desenvolupament. Us haig de confessar que no crec en les institucions. Crec en les persones. Crec en les actituds. M\u2019agraden les persones que donem un cop de m\u00e0 a les persones que estan al seu voltant. M\u2019agraden les persones que s\u2019involucren amb el dolor dels altres encara que els comporti comprom\u00eds, riscos, decepcions, enganys per\u00f2 tamb\u00e9 alegries i abra\u00e7ades. M\u2019agraden les persones que ajuden als altres de manera desinteressada, generosa, que no esperen res ni reclamen res que tenen una actitud callada, discreta i sorda.<\/p>\n<p>De qu\u00e8 em serveix com persona donar una quantitat important de diners a algunes d\u2019aquestes organitzacions si en sortir al carrer veig una persona que cau a terra i en passar al costat d\u2019ella no m\u2019aturo a soc\u00f3rrer-la? Tan important \u00e9s el que faig com els motius que em porten a fer-ho. Estic cansat de veure persones que es vanaglorien de les seves aportacions a les causes solid\u00e0ries, que pengen en el Facebook fotos on surten col\u00b7laborant amb una ONG. Que bons que s\u00f3n! Tot aix\u00f2 seria perfecte si despr\u00e9s no s\u2019oblidessin del seu germ\u00e0. No, no val col\u00b7laborar amb una ONG i despr\u00e9s oblidar-se del que tens al costat. La solidaritat i l\u2019ajuda es viuen de prop. Clar que les ONG fan una tasca fant\u00e0stica, clar que \u00e9s bo i correcte totes les aportacions que fem a aquestes organitzacions. Per\u00f2 la nostra missi\u00f3 com individus no es pot limitar a un acte descafe\u00efnat i impersonal d\u2019una quota mensual. La nostra missi\u00f3 com individus tampoc \u00e9s buscar un desnonat a qui imposar-li la nostra solidaritat. La nostra missi\u00f3 \u00e9s donar la m\u00e0 al qui ens allarga la m\u00e0, una missi\u00f3 entesa com una acci\u00f3 d&#8217;involucrar-nos en el seu problema, amb una actitud donar el que ens estan demanant. El que ens ha de moure no \u00e9s el jo sin\u00f3 el tu. No calen grans accions ni grans sacrificis i menys encara fanf\u00e0rria. Nom\u00e9s calen accions petites, modestes, quasi an\u00f2nimes, que queden entre tu i jo, per\u00f2 sinceres i plenes d\u2019amor. Nom\u00e9s aix\u00ed construirem una cadena humana, una cadena que dona la m\u00e0 al qui ens est\u00e0 demanant ajut.<\/p>\n<p><i>\u00a0Si repart\u00eds tots els meus b\u00e9ns als pobres, fins i tot si em vengu\u00e9s a mi mateix per esclau i tingu\u00e9s aix\u00ed un motiu de gl\u00f2ria, per\u00f2 no estim\u00e9s, de res no em serviria. 1 Cor. 13\u00a0<\/i><\/p>\n<p><strong>Rub\u00e9n Pall\u00e0s<\/strong><\/p>\n","protected":false},"excerpt":{"rendered":"<p>En les darreres d\u00e8cades han proliferat les ONG. Amb un objectiu concret, cadascuna d\u2019elles es dedica a apaivagar arreu del m\u00f3n les necessitats que hi poden haver-hi tant en l&#8217;\u00e0mbit hum\u00e0, animal, econ\u00f2mic o medi ambiental. Les causes del naixement de les ONG es deuen a fet que els governs i estaments oficials no fan [&hellip;]<\/p>\n","protected":false},"author":1,"featured_media":0,"comment_status":"open","ping_status":"open","sticky":false,"template":"","format":"standard","meta":{"_jetpack_memberships_contains_paid_content":false,"footnotes":""},"categories":[6],"tags":[],"class_list":["post-597","post","type-post","status-publish","format-standard","hentry","category-reflexions"],"jetpack_sharing_enabled":true,"jetpack_featured_media_url":"","_links":{"self":[{"href":"https:\/\/eec.cat\/blog\/wp-json\/wp\/v2\/posts\/597","targetHints":{"allow":["GET"]}}],"collection":[{"href":"https:\/\/eec.cat\/blog\/wp-json\/wp\/v2\/posts"}],"about":[{"href":"https:\/\/eec.cat\/blog\/wp-json\/wp\/v2\/types\/post"}],"author":[{"embeddable":true,"href":"https:\/\/eec.cat\/blog\/wp-json\/wp\/v2\/users\/1"}],"replies":[{"embeddable":true,"href":"https:\/\/eec.cat\/blog\/wp-json\/wp\/v2\/comments?post=597"}],"version-history":[{"count":0,"href":"https:\/\/eec.cat\/blog\/wp-json\/wp\/v2\/posts\/597\/revisions"}],"wp:attachment":[{"href":"https:\/\/eec.cat\/blog\/wp-json\/wp\/v2\/media?parent=597"}],"wp:term":[{"taxonomy":"category","embeddable":true,"href":"https:\/\/eec.cat\/blog\/wp-json\/wp\/v2\/categories?post=597"},{"taxonomy":"post_tag","embeddable":true,"href":"https:\/\/eec.cat\/blog\/wp-json\/wp\/v2\/tags?post=597"}],"curies":[{"name":"wp","href":"https:\/\/api.w.org\/{rel}","templated":true}]}}