{"id":594,"date":"2014-04-28T08:01:44","date_gmt":"2014-04-28T08:01:44","guid":{"rendered":"http:\/\/eec.cat\/blog\/?p=594"},"modified":"2014-04-28T08:01:44","modified_gmt":"2014-04-28T08:01:44","slug":"dia-dia-28-dabril-4-de-maig-2014","status":"publish","type":"post","link":"https:\/\/eec.cat\/blog\/dia-dia-28-dabril-4-de-maig-2014\/","title":{"rendered":"Dia a Dia. 28 d\u00b4abril &#8211; 4 de maig 2014"},"content":{"rendered":"<p><strong><span style=\"text-decoration: underline;\"><span style=\"color: #800080; text-decoration: underline;\"><a href=\"http:\/\/eec.cat\/blog\/wp-content\/uploads\/2014\/04\/efqsuoai48le.jpeg\"><img loading=\"lazy\" decoding=\"async\" class=\"alignleft size-thumbnail wp-image-595\" alt=\"efqsuoai48le\" src=\"http:\/\/eec.cat\/blog\/wp-content\/uploads\/2014\/04\/efqsuoai48le-150x150.jpeg\" width=\"150\" height=\"150\" \/><\/a>Dilluns, 28 d\u2019abril<\/span><\/span><\/strong><\/p>\n<p>Mateu 8, 23-26<\/p>\n<p>La confian\u00e7a es construeix amb la fe, una fe que ha sentit la Paraula i que, per aix\u00f2, pot veure el miracle. La fe escolta i creix, la fe allunya la por i afronta les dificultats amb la for\u00e7a de la Paraula creadora que ha transformat la seva realitat. Preguem perqu\u00e8 creixi la nostra fe en la seguretat de la Paraula de D\u00e9u.<\/p>\n<p>&nbsp;<\/p>\n<p><strong><span style=\"text-decoration: underline;\"><span style=\"color: #800080; text-decoration: underline;\">Dimarts, 29 d\u2019abril<\/span><\/span><\/strong><\/p>\n<p>Mateu 9, 27-29<\/p>\n<p>Encara que moltes vegades no veiem la llum, encara que en tants i tants moments la foscor no ens deixa veure la sortida, hem de creure, creure en el Fill de D\u00e9u, fet Paraula seva, perqu\u00e8 en ell la llum s\u2019obrir\u00e0 a nosaltres per omplir-nos. Mirem amb fe, encara que no hi veiem.<\/p>\n<p>&nbsp;<\/p>\n<p><strong><span style=\"text-decoration: underline;\"><span style=\"color: #800080; text-decoration: underline;\">Dimecres, 30 d\u2019abril<\/span><\/span><\/strong><\/p>\n<p>Mateu 9, 36-38<\/p>\n<p>El treball del Regne \u00e9s molt, per\u00f2 s\u00f3n pocs el qui volen abandonar les seguretats de les paraules d\u2019aquest m\u00f3n, per a transformar-se en la nova realitat que ens ofereix la Paraula de D\u00e9u. Escoltem Jes\u00fas, i preguem perqu\u00e8 el Senyor transformi vides que treballin per portar la seva just\u00edcia a totes i tots.<\/p>\n<p>&nbsp;<\/p>\n<p><strong><span style=\"text-decoration: underline;\"><span style=\"color: #800080; text-decoration: underline;\">Dijous, 1 de maig<\/span><\/span><\/strong><\/p>\n<p>Mateu 11, 25-30<\/p>\n<p>La c\u00e0rrega de Jes\u00fas no f\u00e0cil, per\u00f2 no perqu\u00e8 sigui una tasca sense entrebancs, ni perqu\u00e8 el treball no sigui fatig\u00f3s; la c\u00e0rrega de Jes\u00fas \u00e9s f\u00e0cil perqu\u00e8 la missi\u00f3 ve empesa per la revelaci\u00f3, pel coneixement del D\u00e9u que acull als cansats, per donar-lis rep\u00f2s, pau i forces.<\/p>\n<p>&nbsp;<\/p>\n<p><strong><span style=\"text-decoration: underline;\"><span style=\"color: #800080; text-decoration: underline;\">Divendres, 2 de maig<\/span><\/span><\/strong><\/p>\n<p>Mateu 13, 24-30<\/p>\n<p>Moltes vegades dins els nostres espais comunitaris jutgem qui \u00e9s el blat o el jull, per\u00f2 ens podem plantejar la par\u00e0bola des d\u2019una altre perspectiva: en tots nosaltres hi ha fruit de blat o de jull, arribar\u00e0 el dia de la sega, i all\u00f2 de mal fruit que hi ha en nosaltres ser\u00e0 tret per D\u00e9u, i solament donarem blat.<\/p>\n<p>&nbsp;<\/p>\n<p><strong><span style=\"text-decoration: underline;\"><span style=\"color: #800080; text-decoration: underline;\">Dissabte, 3 de maig<\/span><\/span><\/strong><\/p>\n<p>Mateu 16, 6-12<\/p>\n<p>El legalisme entra dins del cor com el llevat, va creixent i creixent, sense que ens adonem de com impregna els nostre pensament. A quines paraules donem les nostres o\u00efdes? D\u2019aix\u00f2 ens adverteix Jes\u00fas, el discurs de la injust\u00edcia s\u2019amaga rere la l\u00f2gica de la humanitat, i fa cr\u00e9ixer dins nostre un pensament que s\u2019allunya de la Paraula de D\u00e9u.<\/p>\n<p>&nbsp;<\/p>\n<p><strong><span style=\"text-decoration: underline;\"><span style=\"color: #800080; text-decoration: underline;\">Diumenge, 4 de maig<\/span><\/span><\/strong><\/p>\n<p>Mateu 18, 21-35<\/p>\n<p>Qu\u00e8 donarem? All\u00f2 que hem rebut o una just\u00edcia pr\u00f2pia que \u00e9s cobra, en dret, all\u00f2 que ha nosaltres ens ha sigut perdonat? Demanem de D\u00e9u el perd\u00f3 per les nostres errades, per\u00f2 no perdonem el que ens ha of\u00e8s a nosaltres, \u00e9s m\u00e9s important el nostre orgull que l\u2019exemple que D\u00e9u ens ha donat? Hem rebut de gr\u00e0cia, donem de la mateixa manera.<\/p>\n<p>&nbsp;<\/p>\n","protected":false},"excerpt":{"rendered":"<p>Dilluns, 28 d\u2019abril Mateu 8, 23-26 La confian\u00e7a es construeix amb la fe, una fe que ha sentit la Paraula i que, per aix\u00f2, pot veure el miracle. La fe escolta i creix, la fe allunya la por i afronta les dificultats amb la for\u00e7a de la Paraula creadora que ha transformat la seva realitat. [&hellip;]<\/p>\n","protected":false},"author":1,"featured_media":0,"comment_status":"open","ping_status":"open","sticky":false,"template":"","format":"standard","meta":{"_jetpack_memberships_contains_paid_content":false,"footnotes":""},"categories":[7],"tags":[],"class_list":["post-594","post","type-post","status-publish","format-standard","hentry","category-meditacions-diaries"],"jetpack_sharing_enabled":true,"jetpack_featured_media_url":"","_links":{"self":[{"href":"https:\/\/eec.cat\/blog\/wp-json\/wp\/v2\/posts\/594","targetHints":{"allow":["GET"]}}],"collection":[{"href":"https:\/\/eec.cat\/blog\/wp-json\/wp\/v2\/posts"}],"about":[{"href":"https:\/\/eec.cat\/blog\/wp-json\/wp\/v2\/types\/post"}],"author":[{"embeddable":true,"href":"https:\/\/eec.cat\/blog\/wp-json\/wp\/v2\/users\/1"}],"replies":[{"embeddable":true,"href":"https:\/\/eec.cat\/blog\/wp-json\/wp\/v2\/comments?post=594"}],"version-history":[{"count":0,"href":"https:\/\/eec.cat\/blog\/wp-json\/wp\/v2\/posts\/594\/revisions"}],"wp:attachment":[{"href":"https:\/\/eec.cat\/blog\/wp-json\/wp\/v2\/media?parent=594"}],"wp:term":[{"taxonomy":"category","embeddable":true,"href":"https:\/\/eec.cat\/blog\/wp-json\/wp\/v2\/categories?post=594"},{"taxonomy":"post_tag","embeddable":true,"href":"https:\/\/eec.cat\/blog\/wp-json\/wp\/v2\/tags?post=594"}],"curies":[{"name":"wp","href":"https:\/\/api.w.org\/{rel}","templated":true}]}}