{"id":584,"date":"2014-04-21T09:05:58","date_gmt":"2014-04-21T09:05:58","guid":{"rendered":"http:\/\/eec.cat\/blog\/?p=584"},"modified":"2014-04-21T09:05:58","modified_gmt":"2014-04-21T09:05:58","slug":"dia-dia-21-dabril-27-dabril-2014","status":"publish","type":"post","link":"https:\/\/eec.cat\/blog\/dia-dia-21-dabril-27-dabril-2014\/","title":{"rendered":"Dia a Dia. 21 d\u00b4abril &#8211; 27 d\u00b4abril 2014"},"content":{"rendered":"<p><span style=\"color: #ff00ff;\"><strong><span style=\"text-decoration: underline;\"><a href=\"http:\/\/eec.cat\/blog\/wp-content\/uploads\/2013\/09\/palmeras.jpg\"><img loading=\"lazy\" decoding=\"async\" class=\"alignleft size-thumbnail wp-image-286\" alt=\"palmeras\" src=\"http:\/\/eec.cat\/blog\/wp-content\/uploads\/2013\/09\/palmeras-150x150.jpg\" width=\"150\" height=\"150\" \/><\/a>Dilluns, 21 d\u2019abril<\/span><\/strong><\/span><\/p>\n<p>Mateu 4, 15-17<\/p>\n<p>\u00c9s des de la Pasqua que podem arribar a comprendre la globalitat de les Paraules de Jes\u00fas, que volien transformar la realitat d\u2019un m\u00f3n de patiment. El Regne del cel \u00e9s va acostar amb Ell, i per aix\u00f2 ens penedim de les nostres paraules, per abra\u00e7ar les seves i construir-nos com el nou poble de la benedicci\u00f3.<\/p>\n<p>&nbsp;<\/p>\n<p><strong><span style=\"text-decoration: underline;\"><span style=\"color: #ff00ff; text-decoration: underline;\">Dimarts, 22 d\u2019abril<\/span><\/span><\/strong><\/p>\n<p>Mateu 5, 3-11<\/p>\n<p>Les benaurances han de ser paraules que acollim com a benedicci\u00f3 per les nostres vides, unes paraules creadores de la nostra realitat, on ens sentim bene\u00efts en qualsevol circumst\u00e0ncia, per\u00f2, alhora, han de ser tamb\u00e9 acollides com les nostres paraules pels altres, que beneeixin i transformin la maledicci\u00f3 en que molts homes i dones es veu abocats a viure.<\/p>\n<p>&nbsp;<\/p>\n<p><strong><span style=\"text-decoration: underline;\"><span style=\"color: #ff00ff; text-decoration: underline;\">Dimecres, 23 d\u2019abril<\/span><\/span><\/strong><\/p>\n<p>Mateu 5, 14-16<\/p>\n<p>Som llum, no pas per la nostra capacitat d\u2019il\u00b7luminar, sin\u00f3 perqu\u00e8 se\u2019ns ha concedit el do de la llum divina que hem de reflectir al nostre voltant. Som llum perqu\u00e8 D\u00e9u ens il\u00b7lumina, som llum perqu\u00e8 hem acollit les Paraules de Jes\u00fas i els encarnem en el nostre viure.<\/p>\n<p>&nbsp;<\/p>\n<p><strong><span style=\"text-decoration: underline;\"><span style=\"color: #ff00ff; text-decoration: underline;\">Dijous, 24 d\u2019abril<\/span><\/span><\/strong><\/p>\n<p>Mateu 6, 5-15<\/p>\n<p>La nostra paraula per a D\u00e9u \u00e9s la pregaria del deixeble que primer ha escoltat la seva veu, per aix\u00f2 la nostra pregaria ha de ser conscient de que \u00e9s en Jes\u00fas on se\u2019ns ha obert la porta per accedir directament al Pare, que acull la malaptesa de les nostres paraules perqu\u00e8 Ell coneix el nostre cor. Prega en acci\u00f3 de gr\u00e0cies, i en demanda perqu\u00e8 la just\u00edcia de D\u00e9u regni.<\/p>\n<p>&nbsp;<\/p>\n<p><strong><span style=\"text-decoration: underline;\"><span style=\"color: #ff00ff; text-decoration: underline;\">Divendres, 25 d\u2019abril<\/span><\/span><\/strong><\/p>\n<p>Mateu 6, 25-34<\/p>\n<p>Totes les nostres forces, tot all\u00f2 que fem i pensem, ha d\u2019estar inspirat en la recerca de la just\u00edcia del Regne de D\u00e9u, que es construeix amb el llenguatge de Jes\u00fas, que va viure en la confian\u00e7a del sosteniment del Pare. Preguem perqu\u00e8 la seva just\u00edcia vingui, perqu\u00e8 en ella tothom o totdon podr\u00e0 viure amb el que li es necessari.<\/p>\n<p>&nbsp;<\/p>\n<p><strong><span style=\"text-decoration: underline;\"><span style=\"color: #ff00ff; text-decoration: underline;\">Dissabte, 26 d\u2019abril<\/span><\/span><\/strong><\/p>\n<p>Mateu 7, 1-5<\/p>\n<p>Les nostres paraules es poden convertir en judici pels altres, en recriminaci\u00f3 i reny, en rumor i discriminaci\u00f3, per\u00f2 com podem jutjar si som els primers que haur\u00edem d\u2019haver rebut c\u00e0stig? El perd\u00f3 que hem trobat en D\u00e9u ha de presidir les nostres relacions, perdonant amb la nostra llengua, i sent conscients de que, en la Paraula de D\u00e9u, veiem reflectides les nostres pr\u00f2pies imperfeccions.<\/p>\n<p>&nbsp;<\/p>\n<p><strong><span style=\"text-decoration: underline;\"><span style=\"color: #ff00ff; text-decoration: underline;\">Diumenge, 27 d\u2019abril<\/span><\/span><\/strong><\/p>\n<p>Mateu 7, 24-27<\/p>\n<p>Si constru\u00efm les nostres vides en la Paraula de Jes\u00fas, aleshores ho farem sobre la roca segura. El llenguatge del m\u00f3n ens diu que desconfiem, per\u00f2 D\u00e9u ens demana que acollim com a veritables les seves Paraules, i la Paraula del seu fill. La nostra roca \u00e9s D\u00e9u, i cap vent ni cap tempesta, podr\u00e0 fer trontollar el que ell vol construir amb nosaltres.<\/p>\n<p>&nbsp;<\/p>\n","protected":false},"excerpt":{"rendered":"<p>Dilluns, 21 d\u2019abril Mateu 4, 15-17 \u00c9s des de la Pasqua que podem arribar a comprendre la globalitat de les Paraules de Jes\u00fas, que volien transformar la realitat d\u2019un m\u00f3n de patiment. El Regne del cel \u00e9s va acostar amb Ell, i per aix\u00f2 ens penedim de les nostres paraules, per abra\u00e7ar les seves i [&hellip;]<\/p>\n","protected":false},"author":1,"featured_media":0,"comment_status":"open","ping_status":"open","sticky":false,"template":"","format":"standard","meta":{"_jetpack_memberships_contains_paid_content":false,"footnotes":""},"categories":[7],"tags":[],"class_list":["post-584","post","type-post","status-publish","format-standard","hentry","category-meditacions-diaries"],"jetpack_sharing_enabled":true,"jetpack_featured_media_url":"","_links":{"self":[{"href":"https:\/\/eec.cat\/blog\/wp-json\/wp\/v2\/posts\/584","targetHints":{"allow":["GET"]}}],"collection":[{"href":"https:\/\/eec.cat\/blog\/wp-json\/wp\/v2\/posts"}],"about":[{"href":"https:\/\/eec.cat\/blog\/wp-json\/wp\/v2\/types\/post"}],"author":[{"embeddable":true,"href":"https:\/\/eec.cat\/blog\/wp-json\/wp\/v2\/users\/1"}],"replies":[{"embeddable":true,"href":"https:\/\/eec.cat\/blog\/wp-json\/wp\/v2\/comments?post=584"}],"version-history":[{"count":0,"href":"https:\/\/eec.cat\/blog\/wp-json\/wp\/v2\/posts\/584\/revisions"}],"wp:attachment":[{"href":"https:\/\/eec.cat\/blog\/wp-json\/wp\/v2\/media?parent=584"}],"wp:term":[{"taxonomy":"category","embeddable":true,"href":"https:\/\/eec.cat\/blog\/wp-json\/wp\/v2\/categories?post=584"},{"taxonomy":"post_tag","embeddable":true,"href":"https:\/\/eec.cat\/blog\/wp-json\/wp\/v2\/tags?post=584"}],"curies":[{"name":"wp","href":"https:\/\/api.w.org\/{rel}","templated":true}]}}