{"id":581,"date":"2014-04-13T21:32:10","date_gmt":"2014-04-13T21:32:10","guid":{"rendered":"http:\/\/eec.cat\/blog\/?p=581"},"modified":"2014-04-13T21:32:10","modified_gmt":"2014-04-13T21:32:10","slug":"dia-dia-14-dabril-20-dabril-2014","status":"publish","type":"post","link":"https:\/\/eec.cat\/blog\/dia-dia-14-dabril-20-dabril-2014\/","title":{"rendered":"Dia a Dia. 14 d\u00b4abril &#8211; 20 d\u00b4abril 2014"},"content":{"rendered":"<p><span style=\"text-decoration: underline;\"><strong><a href=\"http:\/\/eec.cat\/blog\/wp-content\/uploads\/2013\/09\/REGATAS.jpg\"><img loading=\"lazy\" decoding=\"async\" class=\"alignleft size-thumbnail wp-image-289\" alt=\"REGATAS\" src=\"http:\/\/eec.cat\/blog\/wp-content\/uploads\/2013\/09\/REGATAS-150x150.jpg\" width=\"150\" height=\"150\" \/><\/a>Dilluns, 14 d\u2019abril<\/strong><\/span><\/p>\n<p>Marc 12, 20-31<\/p>\n<p>All\u00f2 que \u00e9s llei, all\u00f2 que \u00e9s manament, a la fi \u00e9s Paraula que vol construir una realitat d\u2019amor que sostingui totes les relacions. Estimar a D\u00e9u, i estimar el pro\u00efsme, no hi ha altre Paraula per sobre d\u2019aquestes, perqu\u00e8 si aquestes compl\u00edssim tot lo altre s\u2019hi afegiria sense esfor\u00e7.<\/p>\n<p>&nbsp;<\/p>\n<p><span style=\"text-decoration: underline;\"><strong>Dimarts, 15 d\u2019abril<\/strong><\/span><\/p>\n<p>Marc 14, 22-25<\/p>\n<p>La instituci\u00f3 del Sant Sopar \u00e9s molt m\u00e9s que el s\u00edmbol de la nostra mem\u00f2ria, o el record d\u2019un acte religi\u00f3s, l\u2019espai de la mem\u00f2ria es constru\u00ed en mig de la relaci\u00f3 fraternal d\u2019un sopar, una taula compartida que ser\u00e0 la fonament de la nostra vida evang\u00e8lica, que vol compartir amb Jes\u00fas espais de vitals.<\/p>\n<p>&nbsp;<\/p>\n<p><strong><span style=\"text-decoration: underline;\">Dimecres, 16 d\u2019abril<\/span><\/strong><\/p>\n<p>Marc 14, 34-36<\/p>\n<p>La Paraula de D\u00e9u no visqu\u00e9 en el m\u00f3n de les idees, ni en la irrealitat del patiment. En aquesta nit de Jes\u00fas a Getseman\u00ed trobem una Paraula que plora i demana, que pateix tristor, per\u00f2 que accepta la voluntat del que ha de complir-se, perqu\u00e8 la Paraula que diu tamb\u00e9 fa, perqu\u00e8 la Paraula que predica la nova creaci\u00f3 tamb\u00e9 la fa realitat.<\/p>\n<p>&nbsp;<\/p>\n<p><strong><span style=\"text-decoration: underline;\">Dijous, 17 d\u2019abril<\/span><\/strong><\/p>\n<p>Marc 15, 33-34<\/p>\n<p>\u00c9s temps de santedat, \u00e9s aquesta la setmana de la donaci\u00f3; \u00e9s ara moment de mirar dins nostre i recon\u00e8ixer amb quines paraules mirem al m\u00f3n. El patiment de la creu, l\u2019abandonament que va sentir Jes\u00fas, pot ser una realitat a les nostres vides, en la foscor de la creu, podem dir que D\u00e9u ens ha abandonat, perqu\u00e8 D\u00e9u accepta les nostres paraules de dolor i patiment, i les acull, per oferir resurrecci\u00f3 en el seu moment.<\/p>\n<p>&nbsp;<\/p>\n<p><strong><span style=\"text-decoration: underline;\">Divendres, 18 d\u2019abril<\/span><\/strong><\/p>\n<p>Lluc 23, 44-46<\/p>\n<p>En el moment de la foscor, quan no hi ha sortida, D\u00e9u acull el nostre abandonament a les seves mans. La Paraula que va dir i transformar la realitat que l\u2019envoltava, l\u2019home que pat\u00ed el dolor per voler construir una nova creaci\u00f3, \u00e9s el nostre exemple de donaci\u00f3 plena, a D\u00e9u i a la humanitat.<\/p>\n<p>&nbsp;<\/p>\n<p><strong><span style=\"text-decoration: underline;\">Dissabte, 19 d\u2019abril<\/span><\/strong><\/p>\n<p>Joan 19, 30<\/p>\n<p>La vida s\u2019omple de les realitats que volem construir amb les nostres paraules, i a la fi del cam\u00ed acceptem el moment dient: ja est\u00e0 fet, el que havia de ser va ser, i el que hagi de vindre, de D\u00e9u vindr\u00e0. A la fi del nostre llenguatge, les ultimes paraules s\u00f3n reflex d\u2019all\u00f2 pel que hem treballat.<\/p>\n<p>&nbsp;<\/p>\n<p><strong><span style=\"text-decoration: underline;\">Diumenge, 20 d\u2019abril<\/span><\/strong><\/p>\n<p>Joan 20, 15-17<\/p>\n<p>Despr\u00e9s de la fosca nit de la mort, despr\u00e9s del patiment i la donaci\u00f3, neix el nou dia de l\u2019esperan\u00e7a que omple el m\u00f3n amb les Paraules d\u2019una nova realitat. Per\u00f2 no tots veuen aquesta nova llum, solament aquells que en el patiment amb seguit a Jes\u00fas fins al Calvari se\u2019ls hi ofereix el do de veure\u2019l convertit en la realitat que va dir. El ressuscitat et crida, per\u00f2 has de sentir-lo des de les seves Paraules.<\/p>\n","protected":false},"excerpt":{"rendered":"<p>Dilluns, 14 d\u2019abril Marc 12, 20-31 All\u00f2 que \u00e9s llei, all\u00f2 que \u00e9s manament, a la fi \u00e9s Paraula que vol construir una realitat d\u2019amor que sostingui totes les relacions. Estimar a D\u00e9u, i estimar el pro\u00efsme, no hi ha altre Paraula per sobre d\u2019aquestes, perqu\u00e8 si aquestes compl\u00edssim tot lo altre s\u2019hi afegiria sense [&hellip;]<\/p>\n","protected":false},"author":1,"featured_media":0,"comment_status":"open","ping_status":"open","sticky":false,"template":"","format":"standard","meta":{"_jetpack_memberships_contains_paid_content":false,"footnotes":""},"categories":[7],"tags":[],"class_list":["post-581","post","type-post","status-publish","format-standard","hentry","category-meditacions-diaries"],"jetpack_sharing_enabled":true,"jetpack_featured_media_url":"","_links":{"self":[{"href":"https:\/\/eec.cat\/blog\/wp-json\/wp\/v2\/posts\/581","targetHints":{"allow":["GET"]}}],"collection":[{"href":"https:\/\/eec.cat\/blog\/wp-json\/wp\/v2\/posts"}],"about":[{"href":"https:\/\/eec.cat\/blog\/wp-json\/wp\/v2\/types\/post"}],"author":[{"embeddable":true,"href":"https:\/\/eec.cat\/blog\/wp-json\/wp\/v2\/users\/1"}],"replies":[{"embeddable":true,"href":"https:\/\/eec.cat\/blog\/wp-json\/wp\/v2\/comments?post=581"}],"version-history":[{"count":0,"href":"https:\/\/eec.cat\/blog\/wp-json\/wp\/v2\/posts\/581\/revisions"}],"wp:attachment":[{"href":"https:\/\/eec.cat\/blog\/wp-json\/wp\/v2\/media?parent=581"}],"wp:term":[{"taxonomy":"category","embeddable":true,"href":"https:\/\/eec.cat\/blog\/wp-json\/wp\/v2\/categories?post=581"},{"taxonomy":"post_tag","embeddable":true,"href":"https:\/\/eec.cat\/blog\/wp-json\/wp\/v2\/tags?post=581"}],"curies":[{"name":"wp","href":"https:\/\/api.w.org\/{rel}","templated":true}]}}