{"id":573,"date":"2014-04-09T07:48:11","date_gmt":"2014-04-09T07:48:11","guid":{"rendered":"http:\/\/eec.cat\/blog\/?p=573"},"modified":"2014-04-09T07:48:11","modified_gmt":"2014-04-09T07:48:11","slug":"dia-dia-7-dabril-13-dabril-2014","status":"publish","type":"post","link":"https:\/\/eec.cat\/blog\/dia-dia-7-dabril-13-dabril-2014\/","title":{"rendered":"Dia a Dia. 7 d\u00b4abril &#8211; 13 d\u00b4abril 2014"},"content":{"rendered":"<p><span style=\"text-decoration: underline;\"><strong><a href=\"http:\/\/eec.cat\/blog\/wp-content\/uploads\/2014\/01\/hojas.jpg\"><img loading=\"lazy\" decoding=\"async\" class=\"alignleft size-thumbnail wp-image-437\" alt=\"hojas\" src=\"http:\/\/eec.cat\/blog\/wp-content\/uploads\/2014\/01\/hojas-150x150.jpg\" width=\"150\" height=\"150\" \/><\/a>Dilluns, 7 d\u2019abril<\/strong><\/span><\/p>\n<p>Marc 8, 27-29<\/p>\n<p>Qui \u00e9s Jes\u00fas? Al voltant nostre hi ha moltes definicions, per\u00f2 som nosaltres qui hem de asseverar qui \u00e9s per nosaltres. En el nostre reconeixement d\u2019Ell ens definim, perqu\u00e8 dep\u00e8n de com el coneguem, aix\u00ed ens construirem com als seus deixebles. Si Jes\u00fas \u00e9s per nosaltres l\u2019Ungit, la Paraula de D\u00e9u, aleshores, serem seguidors i treballadors del nou llenguatge, constru\u00eft en Ell.<\/p>\n<p>&nbsp;<\/p>\n<p><span style=\"text-decoration: underline;\"><strong>Dimarts, 8 d\u2019abril<\/strong><\/span><\/p>\n<p>Marc 8, 34-38<\/p>\n<p>Negar-nos a nosaltres mateixos no \u00e9s pas deixar de ser, sin\u00f3 transformar all\u00f2 que som. Quan perdem la nostra vida el que fem es renunciar a la realitat constru\u00efda des del llenguatge de l\u2019Imperi, per convertir-nos en noves criatures nascudes des del llenguatge de l\u2019evangeli.<\/p>\n<p>&nbsp;<\/p>\n<p><span style=\"text-decoration: underline;\"><strong>Dimecres, 9 d\u2019abril<\/strong><\/span><\/p>\n<p>Marc 10, 13-16<\/p>\n<p>Des del llenguatge de la inf\u00e0ncia, que omple amb imaginaci\u00f3 el m\u00f3n que els envolta d\u2019una realitat millor, des de la confian\u00e7a sense fissures que acull la protecci\u00f3 de l\u2019adult i accepta la seva paraula com a veritable, des de la innoc\u00e8ncia que no dubta, encara que el que l\u2019envolti sembli negar el que se li diu, des d\u2019aqu\u00ed \u00e9s des d\u2019on hem de construir el Regne de D\u00e9u.<\/p>\n<p>&nbsp;<\/p>\n<p><span style=\"text-decoration: underline;\"><strong>Dijous, 10 d\u2019abril<\/strong><\/span><\/p>\n<p>Marc 10, 23-27<\/p>\n<p>D\u00e9u pot i vol transformar la nostra realitat, per\u00f2 nosaltres hem de veure amb que omplim el nostre llenguatge. Si la crisi veiem els nostre temps \u00fanicament com una crisi econ\u00f2mica, aleshores es que hem sucumbit al llenguatge dels diners, que asseguren que solament ells poden construir realitats felices. Per D\u00e9u no hi ha res impossible, per\u00f2 el nostre cor i la nostra ment ha de viure en aquesta confian\u00e7a.<\/p>\n<p>&nbsp;<\/p>\n<p><span style=\"text-decoration: underline;\"><strong>Divendres, 11 d\u2019abril<\/strong><\/span><\/p>\n<p>Marc 10, 42-45<\/p>\n<p>Si volem ser el poble del nou llenguatge, que parla evangeli no solament amb la boca, sin\u00f3 en la seva realitat de ser, aleshores hem de fer-nos els uns servidors de les altres, perqu\u00e8 en l\u2019exemple de la Paraula que encarna i fa realitat el Regne de D\u00e9u, sabem que el servei \u00e9s l\u2019eix motriu del poble de D\u00e9u.<\/p>\n<p>&nbsp;<\/p>\n<p><span style=\"text-decoration: underline;\"><strong>Dissabte, 12 d\u2019abril<\/strong><\/span><\/p>\n<p>Marc 11, 22-26<\/p>\n<p>La fe \u00e9s el motor de la Paraula que construeix la nova realitat. Si diem amb fe transformarem la injust\u00edcia en just\u00edcia, el dolor en pau, i les nostres paraules seran b\u00e0lsam i consol per un m\u00f3n que plora. Per\u00f2 la fe \u00e9s diu des del perd\u00f3 i l\u2019acceptaci\u00f3 de la ofensa, perqu\u00e8 la fe parla des de l\u2019exemple de Jes\u00fas.<\/p>\n<p>&nbsp;<\/p>\n<p><span style=\"text-decoration: underline;\"><strong>Diumenge, 13 d\u2019abril<\/strong><\/span><\/p>\n<p>Marc 12, 1-12<\/p>\n<p>D\u00e9u vol un poble que treballi per els altres, que doni fruits de benedicci\u00f3 per el m\u00f3n que Ell tan estima. En el missatge de Jes\u00fas va qued\u00e0 rebutjat el poble que havia transformat la realitat de la Paraula de D\u00e9u en maledicci\u00f3 pels altres, per aix\u00f2 van perseguir Jes\u00fas, per aix\u00f2 el van matar.<\/p>\n","protected":false},"excerpt":{"rendered":"<p>Dilluns, 7 d\u2019abril Marc 8, 27-29 Qui \u00e9s Jes\u00fas? Al voltant nostre hi ha moltes definicions, per\u00f2 som nosaltres qui hem de asseverar qui \u00e9s per nosaltres. En el nostre reconeixement d\u2019Ell ens definim, perqu\u00e8 dep\u00e8n de com el coneguem, aix\u00ed ens construirem com als seus deixebles. Si Jes\u00fas \u00e9s per nosaltres l\u2019Ungit, la Paraula [&hellip;]<\/p>\n","protected":false},"author":1,"featured_media":0,"comment_status":"open","ping_status":"open","sticky":false,"template":"","format":"standard","meta":{"_jetpack_memberships_contains_paid_content":false,"footnotes":""},"categories":[1],"tags":[],"class_list":["post-573","post","type-post","status-publish","format-standard","hentry","category-general"],"jetpack_sharing_enabled":true,"jetpack_featured_media_url":"","_links":{"self":[{"href":"https:\/\/eec.cat\/blog\/wp-json\/wp\/v2\/posts\/573","targetHints":{"allow":["GET"]}}],"collection":[{"href":"https:\/\/eec.cat\/blog\/wp-json\/wp\/v2\/posts"}],"about":[{"href":"https:\/\/eec.cat\/blog\/wp-json\/wp\/v2\/types\/post"}],"author":[{"embeddable":true,"href":"https:\/\/eec.cat\/blog\/wp-json\/wp\/v2\/users\/1"}],"replies":[{"embeddable":true,"href":"https:\/\/eec.cat\/blog\/wp-json\/wp\/v2\/comments?post=573"}],"version-history":[{"count":0,"href":"https:\/\/eec.cat\/blog\/wp-json\/wp\/v2\/posts\/573\/revisions"}],"wp:attachment":[{"href":"https:\/\/eec.cat\/blog\/wp-json\/wp\/v2\/media?parent=573"}],"wp:term":[{"taxonomy":"category","embeddable":true,"href":"https:\/\/eec.cat\/blog\/wp-json\/wp\/v2\/categories?post=573"},{"taxonomy":"post_tag","embeddable":true,"href":"https:\/\/eec.cat\/blog\/wp-json\/wp\/v2\/tags?post=573"}],"curies":[{"name":"wp","href":"https:\/\/api.w.org\/{rel}","templated":true}]}}