{"id":570,"date":"2014-03-24T01:47:29","date_gmt":"2014-03-24T01:47:29","guid":{"rendered":"http:\/\/eec.cat\/blog\/?p=570"},"modified":"2014-03-23T17:52:24","modified_gmt":"2014-03-23T17:52:24","slug":"dia-dia-24-de-marc-30-de-marc","status":"publish","type":"post","link":"https:\/\/eec.cat\/blog\/dia-dia-24-de-marc-30-de-marc\/","title":{"rendered":"Dia a Dia. 24 de Mar\u00e7 &#8211; 30 de Mar\u00e7"},"content":{"rendered":"<p><span style=\"text-decoration: underline;\"><span style=\"color: #ff00ff;\"><b><a href=\"http:\/\/eec.cat\/blog\/wp-content\/uploads\/2013\/08\/dosrius-e1376303192331.jpg\"><img loading=\"lazy\" decoding=\"async\" class=\"alignleft size-thumbnail wp-image-236\" alt=\"dosrius\" src=\"http:\/\/eec.cat\/blog\/wp-content\/uploads\/2013\/08\/dosrius-150x150.jpg\" width=\"150\" height=\"150\" \/><\/a>Dilluns, 24 de mar\u00e7<\/b><\/span><\/span><\/p>\n<p>Salm 133<\/p>\n<p>La benedicci\u00f3 del Senyor la trobem en mig del seu poble, de la fam\u00edlia que Ell ha constru\u00eft per a nosaltres. Hem de donar gr\u00e0cies a D\u00e9u per formar-nos com un poble, que ha de lloar-lo i seguir-lo en comunitat, perqu\u00e8 en mig nostre viu el seu Esperit per guiar-nos.<\/p>\n<p>&nbsp;<\/p>\n<p><span style=\"text-decoration: underline;\"><span style=\"color: #ff00ff;\"><b>Dimarts, 25 de mar\u00e7<\/b><\/span><\/span><\/p>\n<p>Salm 139, 7-16<\/p>\n<p>La pres\u00e8ncia del Senyor a la nostra vida \u00e9s una realitat palpable, no ens podem amargar de D\u00e9u, no podem fugir de la seva mirada que ens segueix per tot arreu. Per\u00f2 no \u00e9s aquesta una mirada inquisidora, que busca trobar-nos en una falta, sin\u00f3 que \u00e9s la mirada d\u2019un D\u00e9u que ens coneix en els nostres petits detalls i que vol protegir-nos i salvar-nos en cada moment.<\/p>\n<p>&nbsp;<\/p>\n<p><span style=\"text-decoration: underline;\"><span style=\"color: #ff00ff;\"><b>Dimecres, 26 de mar\u00e7<\/b><\/span><\/span><\/p>\n<p>Salm 143, 7-11<\/p>\n<p>En l\u2019Esperit de D\u00e9u reposa el nostre cam\u00ed, un cam\u00ed que pot est\u00e0 ple de dificultats, per\u00f2 que est\u00e0 sostingut pel Senyor. Moltes vegades no veiem sortida, no trobem per on continuar, per\u00f2 \u00e9s precisament en aquest moments quan hem de voltar-nos cap a D\u00e9u i demanar la seva guia, la seva salvaci\u00f3.<\/p>\n<p>&nbsp;<\/p>\n<p><span style=\"text-decoration: underline;\"><span style=\"color: #ff00ff;\"><b>Dijous, 27 de mar\u00e7<\/b><\/span><\/span><\/p>\n<p>Salm 146<\/p>\n<p>Confiem en D\u00e9u, per\u00f2 no ho fem per la seva magnific\u00e8ncia, sin\u00f3 perqu\u00e8 Ell ens ha demostrat que s\u2019implica amb nosaltres. En la figura de Jes\u00fas hem conegut al D\u00e9u que no abandona als desvalguts, sin\u00f3 que viu entre ells per a canviar les seves realitats. El Messies de D\u00e9u no va ser un poder\u00f3s incapa\u00e7 de salvar, sin\u00f3 un home comprom\u00e8s amb la humanitat que pateix. Aquest \u00e9s el nostre exemple.<\/p>\n<p>&nbsp;<\/p>\n<p><span style=\"text-decoration: underline;\"><span style=\"color: #ff00ff;\"><b>Divendres, 28 de mar\u00e7<\/b><\/span><\/span><\/p>\n<p>Salm 147, 7-11<\/p>\n<p>On posem la nostra confian\u00e7a? Moltes vegades \u00e9s m\u00e9s f\u00e0cil confiar en les seguretats que ens ofereix aquest m\u00f3n, en guerrers i cavalls que ens defensin. Per\u00f2 D\u00e9u es complau en aquells que confien en Ell, en que el seu amor ser\u00e0 per sempre. D\u00e9u es complau en els que veuen la seva m\u00e0 en les petites coses que els envolten.<\/p>\n<p>&nbsp;<\/p>\n<p><span style=\"text-decoration: underline;\"><span style=\"color: #ff00ff;\"><b>Dissabte, 29 de mar\u00e7<\/b><\/span><\/span><\/p>\n<p>Salm 148<\/p>\n<p>La lloan\u00e7a ha de ser el cant comunitari de la creaci\u00f3, perqu\u00e8 tot est\u00e0 sostingut en D\u00e9u, que va fer el cel i la terra, i tot el que hi ha en ells. El D\u00e9u creador s\u2019aixeca davant nostre com el baluard que ofereix una esperan\u00e7a de restauraci\u00f3 per una creaci\u00f3 que pateix, per\u00f2 que mira al futur amb confian\u00e7a.<\/p>\n<p>&nbsp;<\/p>\n<p><span style=\"text-decoration: underline;\"><span style=\"color: #ff00ff;\"><b>Diumenge, 30 de mar\u00e7<\/b><\/span><\/span><\/p>\n<p>Salm 149<\/p>\n<p>D\u00e9u \u00e9s, perp\u00e8tuament, creador de noves realitats, Ell no es limit\u00e0 a materialitzat un espai, sin\u00f3 que dins d\u2019Ell va crear tamb\u00e9 al seu poble, perqu\u00e8 aquest fes just\u00edcia en mig del m\u00f3n. Som responsables de que l\u2019acci\u00f3 de D\u00e9u es porti a terme, perqu\u00e8 per aix\u00f2 hem sigut creats.<\/p>\n","protected":false},"excerpt":{"rendered":"<p>Dilluns, 24 de mar\u00e7 Salm 133 La benedicci\u00f3 del Senyor la trobem en mig del seu poble, de la fam\u00edlia que Ell ha constru\u00eft per a nosaltres. Hem de donar gr\u00e0cies a D\u00e9u per formar-nos com un poble, que ha de lloar-lo i seguir-lo en comunitat, perqu\u00e8 en mig nostre viu el seu Esperit per [&hellip;]<\/p>\n","protected":false},"author":1,"featured_media":0,"comment_status":"open","ping_status":"open","sticky":false,"template":"","format":"standard","meta":{"_jetpack_memberships_contains_paid_content":false,"footnotes":""},"categories":[1],"tags":[],"class_list":["post-570","post","type-post","status-publish","format-standard","hentry","category-general"],"jetpack_sharing_enabled":true,"jetpack_featured_media_url":"","_links":{"self":[{"href":"https:\/\/eec.cat\/blog\/wp-json\/wp\/v2\/posts\/570","targetHints":{"allow":["GET"]}}],"collection":[{"href":"https:\/\/eec.cat\/blog\/wp-json\/wp\/v2\/posts"}],"about":[{"href":"https:\/\/eec.cat\/blog\/wp-json\/wp\/v2\/types\/post"}],"author":[{"embeddable":true,"href":"https:\/\/eec.cat\/blog\/wp-json\/wp\/v2\/users\/1"}],"replies":[{"embeddable":true,"href":"https:\/\/eec.cat\/blog\/wp-json\/wp\/v2\/comments?post=570"}],"version-history":[{"count":0,"href":"https:\/\/eec.cat\/blog\/wp-json\/wp\/v2\/posts\/570\/revisions"}],"wp:attachment":[{"href":"https:\/\/eec.cat\/blog\/wp-json\/wp\/v2\/media?parent=570"}],"wp:term":[{"taxonomy":"category","embeddable":true,"href":"https:\/\/eec.cat\/blog\/wp-json\/wp\/v2\/categories?post=570"},{"taxonomy":"post_tag","embeddable":true,"href":"https:\/\/eec.cat\/blog\/wp-json\/wp\/v2\/tags?post=570"}],"curies":[{"name":"wp","href":"https:\/\/api.w.org\/{rel}","templated":true}]}}