{"id":557,"date":"2014-03-17T01:36:28","date_gmt":"2014-03-17T01:36:28","guid":{"rendered":"http:\/\/eec.cat\/blog\/?p=557"},"modified":"2014-03-13T09:44:01","modified_gmt":"2014-03-13T09:44:01","slug":"dia-dia-17-de-marc-23-de-marc","status":"publish","type":"post","link":"https:\/\/eec.cat\/blog\/dia-dia-17-de-marc-23-de-marc\/","title":{"rendered":"Dia a Dia. 17 de mar\u00e7 &#8211; 23 de mar\u00e7"},"content":{"rendered":"<p><span style=\"text-decoration: underline;\"><span style=\"color: #800080;\"><b><a href=\"http:\/\/eec.cat\/blog\/wp-content\/uploads\/2014\/03\/acueducto.jpg\"><img loading=\"lazy\" decoding=\"async\" class=\"alignleft size-thumbnail wp-image-558\" alt=\"acueducto\" src=\"http:\/\/eec.cat\/blog\/wp-content\/uploads\/2014\/03\/acueducto-150x150.jpg\" width=\"150\" height=\"150\" \/><\/a>Dilluns, 17 de mar\u00e7<\/b><\/span><\/span><\/p>\n<p>Salm 119, 161-168<\/p>\n<p>El nostres camins s\u00f3n davant de D\u00e9u, i la seva Paraula ha d\u2019acompanyar-nos en ells, per poder tirar endavant i cr\u00e9ixer en el seu coneixement i en la seva voluntat. Hem d\u2019estimar les promeses de D\u00e9u, hem de confiar en la seva fidelitat, hem de lloar-lo perqu\u00e8 Ell no ens ha abandonat.<\/p>\n<p>&nbsp;<\/p>\n<p><span style=\"text-decoration: underline;\"><span style=\"color: #800080;\"><b>Dimarts, 18 de mar\u00e7<\/b><\/span><\/span><\/p>\n<p>Salm 119, 169-176<\/p>\n<p>Aixequem la nostra veu al D\u00e9u que escolta, al Senyor que no amaga el seu rostre davant els nostres problemes. El cant de s\u00faplica demana que la m\u00e0 del Senyor intervingui a la nostra vida, la nostra confian\u00e7a ha d\u2019estar en la fidelitat que Ell mant\u00e9 a la seva Paraula, arribar\u00e0 la salvaci\u00f3.<\/p>\n<p>&nbsp;<\/p>\n<p><span style=\"text-decoration: underline;\"><span style=\"color: #800080;\"><b>Dimecres, 19 de mar\u00e7<\/b><\/span><\/span><\/p>\n<p>Salm 121<\/p>\n<p>On \u00e9s el nostre rep\u00f2s? Aquest ha de descansar en el D\u00e9u que ens guarda. Al\u00e7arem els nostres ulls al que no dorm, al que no ens oblida. L\u2019ajuda arribar\u00e0 de mans del nostre Senyor, ells ens alliberar\u00e0.<\/p>\n<p>&nbsp;<\/p>\n<p><span style=\"text-decoration: underline;\"><span style=\"color: #800080;\"><b>Dijous, 20 de mar\u00e7<\/b><\/span><\/span><\/p>\n<p>Salm 123<\/p>\n<p>Quan no hi ha sortida, quan sembla que tot est\u00e0 en contra nostra i que no ens desfarem dels problemes i els enemics, aleshores mirem cap a D\u00e9u. Posem els nostres ulls en aquell que \u00e9s l\u2019\u00fanic que pot salvar-nos. La seva pietat vers nosaltres \u00e9s la nostra suplica, un cant de tristesa fet amb la confian\u00e7a de que Ell ens escolta.<\/p>\n<p>&nbsp;<\/p>\n<p><span style=\"text-decoration: underline;\"><span style=\"color: #800080;\"><b>Divendres, 21 de mar\u00e7<\/b><\/span><\/span><\/p>\n<p>Salm 125<\/p>\n<p>Encara en mig de les dificultats, el poble de D\u00e9u ha de confiar en que Ell \u00e9s el seu defensor, sabem que el Senyor no ens abandonar\u00e0 en els moments complicats. La nostra pau \u00e9s converteix en confian\u00e7a serena en que D\u00e9u ens omplir\u00e0 de bens, Ell ens beneir\u00e0.<\/p>\n<p>&nbsp;<\/p>\n<p><span style=\"text-decoration: underline;\"><span style=\"color: #800080;\"><b>Dissabte, 22 de mar\u00e7<\/b><\/span><\/span><\/p>\n<p>Salm 126<\/p>\n<p>Quan la salvaci\u00f3 arriba, quan la m\u00e0 de D\u00e9u es manifesta en mig de les nostres dificultats, aleshores \u00e9s com un somni, perqu\u00e8 qui podria haver imaginat que podr\u00edem superar el dolor? Encara que ens manqui la confian\u00e7a en els moments dif\u00edcils, sabem que les nostres ll\u00e0grimes seran rialles, i que tornarem a cantar.<\/p>\n<p>&nbsp;<\/p>\n<p><span style=\"text-decoration: underline;\"><span style=\"color: #800080;\"><b>Diumenge, 23 de mar\u00e7<\/b><\/span><\/span><\/p>\n<p>Salm 131<\/p>\n<p>Com infants hem d\u2019acostar-nos a D\u00e9u, amb aquella confian\u00e7a que podem veure en la mirada d\u2019una nena quan demana bra\u00e7os al seu pare, o en la del nen que s\u2019amaga rere les faldilles de la seva mare, per a fugir dels perills. La pau i la serenitat s\u00f3n la resposta a saber-nos protegits en el Senyor, per sempre.<\/p>\n","protected":false},"excerpt":{"rendered":"<p>Dilluns, 17 de mar\u00e7 Salm 119, 161-168 El nostres camins s\u00f3n davant de D\u00e9u, i la seva Paraula ha d\u2019acompanyar-nos en ells, per poder tirar endavant i cr\u00e9ixer en el seu coneixement i en la seva voluntat. Hem d\u2019estimar les promeses de D\u00e9u, hem de confiar en la seva fidelitat, hem de lloar-lo perqu\u00e8 Ell [&hellip;]<\/p>\n","protected":false},"author":1,"featured_media":0,"comment_status":"open","ping_status":"open","sticky":false,"template":"","format":"standard","meta":{"_jetpack_memberships_contains_paid_content":false,"footnotes":""},"categories":[7],"tags":[],"class_list":["post-557","post","type-post","status-publish","format-standard","hentry","category-meditacions-diaries"],"jetpack_featured_media_url":"","jetpack_sharing_enabled":true,"_links":{"self":[{"href":"https:\/\/eec.cat\/blog\/wp-json\/wp\/v2\/posts\/557","targetHints":{"allow":["GET"]}}],"collection":[{"href":"https:\/\/eec.cat\/blog\/wp-json\/wp\/v2\/posts"}],"about":[{"href":"https:\/\/eec.cat\/blog\/wp-json\/wp\/v2\/types\/post"}],"author":[{"embeddable":true,"href":"https:\/\/eec.cat\/blog\/wp-json\/wp\/v2\/users\/1"}],"replies":[{"embeddable":true,"href":"https:\/\/eec.cat\/blog\/wp-json\/wp\/v2\/comments?post=557"}],"version-history":[{"count":0,"href":"https:\/\/eec.cat\/blog\/wp-json\/wp\/v2\/posts\/557\/revisions"}],"wp:attachment":[{"href":"https:\/\/eec.cat\/blog\/wp-json\/wp\/v2\/media?parent=557"}],"wp:term":[{"taxonomy":"category","embeddable":true,"href":"https:\/\/eec.cat\/blog\/wp-json\/wp\/v2\/categories?post=557"},{"taxonomy":"post_tag","embeddable":true,"href":"https:\/\/eec.cat\/blog\/wp-json\/wp\/v2\/tags?post=557"}],"curies":[{"name":"wp","href":"https:\/\/api.w.org\/{rel}","templated":true}]}}