{"id":554,"date":"2014-03-10T07:48:10","date_gmt":"2014-03-10T07:48:10","guid":{"rendered":"http:\/\/eec.cat\/blog\/?p=554"},"modified":"2014-03-10T07:48:10","modified_gmt":"2014-03-10T07:48:10","slug":"dia-dia-10-de-marc-16-de-marc","status":"publish","type":"post","link":"https:\/\/eec.cat\/blog\/dia-dia-10-de-marc-16-de-marc\/","title":{"rendered":"Dia a Dia. 10 de mar\u00e7 &#8211; 16 de mar\u00e7"},"content":{"rendered":"<p><b><a href=\"http:\/\/eec.cat\/blog\/wp-content\/uploads\/2013\/10\/nares.jpg\"><img loading=\"lazy\" decoding=\"async\" class=\"alignleft size-thumbnail wp-image-332\" alt=\"nares\" src=\"http:\/\/eec.cat\/blog\/wp-content\/uploads\/2013\/10\/nares-150x150.jpg\" width=\"150\" height=\"150\" \/><\/a><span style=\"text-decoration: underline;\"><span style=\"color: #800000; text-decoration: underline;\">Dilluns, 10 de mar\u00e7<\/span><\/span><\/b><\/p>\n<p>Salm 119, 65-72<\/p>\n<p>Com el salmista, hem de ser conscients que \u00e9s precisament en mig de les dificultats quan D\u00e9u ens ensenya m\u00e9s coses. Les penes que patim s\u00f3n una oportunitat per acostar-nos m\u00e9s al coneixement del nostre salvador, perqu\u00e8 \u00e9s aquest el valu\u00f3s tresor que hem de buscar.<\/p>\n<p>&nbsp;<\/p>\n<p><span style=\"text-decoration: underline;\"><span style=\"color: #800000;\"><b>Dimarts, 11 de mar\u00e7<\/b><\/span><\/span><\/p>\n<p>Salm 119, 73-80<\/p>\n<p>Confiem en la Paraula del D\u00e9u que \u00e9s fidel a nosaltres, aquesta \u00e9s la nostra fortalesa en mig de la prova. Les seves promeses seran complides a les nostres vides, la miseric\u00f2rdia arribar\u00e0, i quan ho faci podrem entendre els camins pels que D\u00e9u ens ha fet transitar.<\/p>\n<p>&nbsp;<\/p>\n<p><span style=\"text-decoration: underline;\"><span style=\"color: #800000;\"><b>Dimecres, 12 de mar\u00e7<\/b><\/span><\/span><\/p>\n<p>Salm 119, 81-88<\/p>\n<p>Per qu\u00e8 D\u00e9u retarda la seva salvaci\u00f3? Per qu\u00e8 no arriba la promesa? On s\u00f3n l\u2019amor i el consol que necessitem? En mig de les dificultats se\u2019ns acaba la paci\u00e8ncia, per\u00f2 hem de confiar en la Paraula de D\u00e9u, Ell sempre compleix, Ell sempre respon.<\/p>\n<p>&nbsp;<\/p>\n<p><span style=\"text-decoration: underline;\"><span style=\"color: #800000;\"><b>Dijous, 13 de mar\u00e7<\/b><\/span><\/span><\/p>\n<p>Salm 119, 89-96<\/p>\n<p>No hi ha res millor, ni m\u00e9s perfecte, ni que pugui donar vida fora de la Paraula pronunciada per el nostre D\u00e9u. En ella reposa la nostra esperan\u00e7a, en ells hem de confortar-nos per a no caure en el parany de les pen\u00faries.<\/p>\n<p>&nbsp;<\/p>\n<p><span style=\"text-decoration: underline;\"><span style=\"color: #800000;\"><b>Divendres, 14 de mar\u00e7<\/b><\/span><\/span><\/p>\n<p>Salm 119, 105-112<\/p>\n<p>La Paraula de D\u00e9u \u00e9s llum, una llum que ens mostra el cam\u00ed del nostre viure. \u00c9s a la llum de la seva Paraula que podem omplir de claror els racons m\u00e9s foscos de les nostres pors, per poder superar les dificultats m\u00e9s dures.<\/p>\n<p>&nbsp;<\/p>\n<p><span style=\"text-decoration: underline;\"><span style=\"color: #800000;\"><b>Dissabte, 15 de mar\u00e7<\/b><\/span><\/span><\/p>\n<p><b><\/b>Salm 119, 129-136<\/p>\n<p>I si el m\u00f3n vulgues viure segons la voluntat de D\u00e9u? I si tothom compl\u00eds la seva Paraula? Hem d\u2019esfor\u00e7ar-nos en encarnar la Paraula de D\u00e9u en les nostres vides, per a mostrar la just\u00edcia de la seva voluntat. La Paraula de D\u00e9u s\u2019escolta per posar-la en pr\u00e0ctica, per fer-la realitat en mig d\u2019un m\u00f3n que no vol escoltar-la.<\/p>\n<p>&nbsp;<\/p>\n<p><span style=\"text-decoration: underline;\"><span style=\"color: #800000;\"><b>Diumenge, 16 de mar\u00e7<\/b><\/span><\/span><\/p>\n<p>Salm 119, 145-152<\/p>\n<p>Per a poder viure les promeses de D\u00e9u hem de aferrar-nos a la seva Paraula, omplir el nostre cor i la nostra ment d\u2019ella, per transformar-nos en complidors de la seva voluntat. \u00c9s a les nostres mans cr\u00e9ixer en el coneixement del Senyor, per encarnar el seu pacte en les nostres vides.<\/p>\n","protected":false},"excerpt":{"rendered":"<p>Dilluns, 10 de mar\u00e7 Salm 119, 65-72 Com el salmista, hem de ser conscients que \u00e9s precisament en mig de les dificultats quan D\u00e9u ens ensenya m\u00e9s coses. Les penes que patim s\u00f3n una oportunitat per acostar-nos m\u00e9s al coneixement del nostre salvador, perqu\u00e8 \u00e9s aquest el valu\u00f3s tresor que hem de buscar. &nbsp; Dimarts, [&hellip;]<\/p>\n","protected":false},"author":1,"featured_media":0,"comment_status":"open","ping_status":"open","sticky":false,"template":"","format":"standard","meta":{"_jetpack_memberships_contains_paid_content":false,"footnotes":""},"categories":[7],"tags":[],"class_list":["post-554","post","type-post","status-publish","format-standard","hentry","category-meditacions-diaries"],"jetpack_featured_media_url":"","jetpack_sharing_enabled":true,"_links":{"self":[{"href":"https:\/\/eec.cat\/blog\/wp-json\/wp\/v2\/posts\/554","targetHints":{"allow":["GET"]}}],"collection":[{"href":"https:\/\/eec.cat\/blog\/wp-json\/wp\/v2\/posts"}],"about":[{"href":"https:\/\/eec.cat\/blog\/wp-json\/wp\/v2\/types\/post"}],"author":[{"embeddable":true,"href":"https:\/\/eec.cat\/blog\/wp-json\/wp\/v2\/users\/1"}],"replies":[{"embeddable":true,"href":"https:\/\/eec.cat\/blog\/wp-json\/wp\/v2\/comments?post=554"}],"version-history":[{"count":0,"href":"https:\/\/eec.cat\/blog\/wp-json\/wp\/v2\/posts\/554\/revisions"}],"wp:attachment":[{"href":"https:\/\/eec.cat\/blog\/wp-json\/wp\/v2\/media?parent=554"}],"wp:term":[{"taxonomy":"category","embeddable":true,"href":"https:\/\/eec.cat\/blog\/wp-json\/wp\/v2\/categories?post=554"},{"taxonomy":"post_tag","embeddable":true,"href":"https:\/\/eec.cat\/blog\/wp-json\/wp\/v2\/tags?post=554"}],"curies":[{"name":"wp","href":"https:\/\/api.w.org\/{rel}","templated":true}]}}