{"id":548,"date":"2014-03-06T10:33:09","date_gmt":"2014-03-06T10:33:09","guid":{"rendered":"http:\/\/eec.cat\/blog\/?p=548"},"modified":"2014-03-06T10:33:09","modified_gmt":"2014-03-06T10:33:09","slug":"inauguracio-nova-ubicacio-de-larxiu-de-les-esglesies-metodistes-biblioteca-teologica","status":"publish","type":"post","link":"https:\/\/eec.cat\/blog\/inauguracio-nova-ubicacio-de-larxiu-de-les-esglesies-metodistes-biblioteca-teologica\/","title":{"rendered":"Inauguraci\u00f3 nova ubicaci\u00f3 de l\u00b4arxiu de les esgl\u00e9sies metodistes i biblioteca teol\u00f2gica"},"content":{"rendered":"<p><a href=\"http:\/\/eec.cat\/blog\/wp-content\/uploads\/2014\/03\/biblioteologia.jpg\"><img loading=\"lazy\" decoding=\"async\" class=\"aligncenter size-medium wp-image-551\" alt=\"biblioteologia\" src=\"http:\/\/eec.cat\/blog\/wp-content\/uploads\/2014\/03\/biblioteologia-300x231.jpg\" width=\"300\" height=\"231\" srcset=\"https:\/\/eec.cat\/blog\/wp-content\/uploads\/2014\/03\/biblioteologia-300x231.jpg 300w, https:\/\/eec.cat\/blog\/wp-content\/uploads\/2014\/03\/biblioteologia.jpg 311w\" sizes=\"auto, (max-width: 300px) 100vw, 300px\" \/><\/a><\/p>\n<p>El dia 2 de mar\u00e7 es va inaugurar la nova ubicaci\u00f3 de l\u2019Arxiu Hist\u00f2ric de les Esgl\u00e9sies Metodistes que havia quedat molt petit i la nova biblioteca teol\u00f2gica que comen\u00e7a amb les donacions d\u2019una part dels llibres de la biblioteca del pastor Enric Cap\u00f3 i del pastor Pablo Garc\u00eda, el qual \u00e9s el coordinador del projecte de l\u2019Arxiu de les Esgl\u00e9sies Metodistes i tamb\u00e9 de la Biblioteca. L\u2019actual ubicaci\u00f3, al primer pis de l\u2019edifici de l\u2019Esgl\u00e9sia Protestant de Barcelona Centre permet m\u00e9s amplitud i poder continuar el treball de manera m\u00e9s adequada.<\/p>\n<p>A l\u2019acte, la pastora Marta L\u00f3pez va agrair el treball que fan amb l\u2019objectiu de reunir, preservar, ordenar i difondre la documentaci\u00f3 de les nostres esgl\u00e9sies des de la seva fundaci\u00f3, l\u2019any 1869. Per la seva part, el pastor Pablo Garc\u00eda va donar gr\u00e0cies al grup de voluntaris que ho han fet possible, que es reuneixen cada setmana per treballar i posar l\u2019embri\u00f3 a la nova Biblioteca Teol\u00f2gica per una banda, i per l\u2019altre continuar el treball de l\u2019Arxiu que, gr\u00e0cies a les donacions familiars continua ampliant la seva documentaci\u00f3 i actualment ja \u00e9s una font d\u2019estudi pels historiadors, pels treballs de tesi, llibres i articles de premsa. L\u2019arxiu \u00e9s obert al p\u00fablic investigador en general i compte amb una sala de consulta, assessorament i acc\u00e9s a Internet.<\/p>\n<p><a href=\"http:\/\/www.esglesiatallers.org\/esglesia\/qui-som\/arxiu-historic\/\">http:\/\/www.esglesiatallers.org\/esglesia\/qui-som\/arxiu-historic\/<\/a><\/p>\n<p>&nbsp;<\/p>\n<figure id=\"attachment_552\" aria-describedby=\"caption-attachment-552\" style=\"width: 150px\" class=\"wp-caption alignleft\"><a href=\"http:\/\/eec.cat\/blog\/wp-content\/uploads\/2014\/03\/IMG-20140302-WA0006_Fotor.jpg\"><img loading=\"lazy\" decoding=\"async\" class=\"size-thumbnail wp-image-552\" alt=\"Pastor Pablo Garc\u00eda\" src=\"http:\/\/eec.cat\/blog\/wp-content\/uploads\/2014\/03\/IMG-20140302-WA0006_Fotor-150x150.jpg\" width=\"150\" height=\"150\" \/><\/a><figcaption id=\"caption-attachment-552\" class=\"wp-caption-text\">Pastor Pablo Garc\u00eda<\/figcaption><\/figure>\n","protected":false},"excerpt":{"rendered":"<p>El dia 2 de mar\u00e7 es va inaugurar la nova ubicaci\u00f3 de l\u2019Arxiu Hist\u00f2ric de les Esgl\u00e9sies Metodistes que havia quedat molt petit i la nova biblioteca teol\u00f2gica que comen\u00e7a amb les donacions d\u2019una part dels llibres de la biblioteca del pastor Enric Cap\u00f3 i del pastor Pablo Garc\u00eda, el qual \u00e9s el coordinador del [&hellip;]<\/p>\n","protected":false},"author":1,"featured_media":0,"comment_status":"open","ping_status":"open","sticky":false,"template":"","format":"standard","meta":{"_jetpack_memberships_contains_paid_content":false,"footnotes":""},"categories":[4],"tags":[],"class_list":["post-548","post","type-post","status-publish","format-standard","hentry","category-noticies"],"jetpack_featured_media_url":"","jetpack_sharing_enabled":true,"_links":{"self":[{"href":"https:\/\/eec.cat\/blog\/wp-json\/wp\/v2\/posts\/548","targetHints":{"allow":["GET"]}}],"collection":[{"href":"https:\/\/eec.cat\/blog\/wp-json\/wp\/v2\/posts"}],"about":[{"href":"https:\/\/eec.cat\/blog\/wp-json\/wp\/v2\/types\/post"}],"author":[{"embeddable":true,"href":"https:\/\/eec.cat\/blog\/wp-json\/wp\/v2\/users\/1"}],"replies":[{"embeddable":true,"href":"https:\/\/eec.cat\/blog\/wp-json\/wp\/v2\/comments?post=548"}],"version-history":[{"count":0,"href":"https:\/\/eec.cat\/blog\/wp-json\/wp\/v2\/posts\/548\/revisions"}],"wp:attachment":[{"href":"https:\/\/eec.cat\/blog\/wp-json\/wp\/v2\/media?parent=548"}],"wp:term":[{"taxonomy":"category","embeddable":true,"href":"https:\/\/eec.cat\/blog\/wp-json\/wp\/v2\/categories?post=548"},{"taxonomy":"post_tag","embeddable":true,"href":"https:\/\/eec.cat\/blog\/wp-json\/wp\/v2\/tags?post=548"}],"curies":[{"name":"wp","href":"https:\/\/api.w.org\/{rel}","templated":true}]}}