{"id":538,"date":"2014-03-04T04:28:30","date_gmt":"2014-03-04T04:28:30","guid":{"rendered":"http:\/\/eec.cat\/blog\/?p=538"},"modified":"2014-03-04T04:28:30","modified_gmt":"2014-03-04T04:28:30","slug":"dia-mundial-de-pregaria","status":"publish","type":"post","link":"https:\/\/eec.cat\/blog\/dia-mundial-de-pregaria\/","title":{"rendered":"Dia Mundial de Preg\u00e0ria"},"content":{"rendered":"<p><a href=\"http:\/\/eec.cat\/blog\/wp-content\/uploads\/2014\/03\/reunio-de-pregaria.jpg\"><img loading=\"lazy\" decoding=\"async\" class=\"alignleft size-thumbnail wp-image-539\" alt=\"reunio-de-pregaria\" src=\"http:\/\/eec.cat\/blog\/wp-content\/uploads\/2014\/03\/reunio-de-pregaria-150x150.jpg\" width=\"150\" height=\"150\" \/><\/a>Les dones cristianes d\u2019Egipte us conviden al Dia Mundial de Preg\u00e0ria amb el tema: <strong>BROLLADORS D\u2019AIGUA EN EL DESERT<\/strong>. A l\u2019acte participar\u00e0 la monja benedictina Teresa Forcades.<\/p>\n<p>Divendres 7 de mar\u00e7 a les 19 h. a l\u2019Esgl\u00e9sia Evang\u00e8lica Mart\u00ed Luter carrer Brusi, 92 Barcelona<\/p>\n<p><em><span style=\"text-decoration: underline;\"><b>Una mica d\u2019hist\u00f2ria<\/b><\/span><\/em><\/p>\n<p>Els inicis del Dia Mundial de Preg\u00e0ria el trobem a l\u2019any 1887, a l\u2019esgl\u00e9sia presbiteriana d\u2019Estats Units, on les dones van dedicar un dia especial per ofrenar per les missions locals, m\u00e9s tard van ser les dones baptistes que van convocar un Dia Mundial d\u2019Oraci\u00f3 per les missions estrangeres<\/p>\n<p>A partir de l\u2019any 1920 es va comen\u00e7ar a celebrar el primer divendres de quaresma a totes les esgl\u00e9sies per pregar i ofrenar per les missions cristianes del m\u00f3n.\u00a0 Anys despr\u00e9s, el 1941, es va formar el moviment interdenominacional de Dones Unides, sent per tant un moviment ecum\u00e8nic mundial.<\/p>\n<p>\u00c9s important destacar que l\u2019any 1950, la Sra. Bell, esposa del pastor de l\u2019esgl\u00e9sia Metodista de Barcelona va comen\u00e7ar la celebraci\u00f3 a l\u2019estat espa\u00f1ol del Dia Mundial de Preg\u00e0ria.<\/p>\n","protected":false},"excerpt":{"rendered":"<p>Les dones cristianes d\u2019Egipte us conviden al Dia Mundial de Preg\u00e0ria amb el tema: BROLLADORS D\u2019AIGUA EN EL DESERT. A l\u2019acte participar\u00e0 la monja benedictina Teresa Forcades. Divendres 7 de mar\u00e7 a les 19 h. a l\u2019Esgl\u00e9sia Evang\u00e8lica Mart\u00ed Luter carrer Brusi, 92 Barcelona Una mica d\u2019hist\u00f2ria Els inicis del Dia Mundial de Preg\u00e0ria el [&hellip;]<\/p>\n","protected":false},"author":1,"featured_media":0,"comment_status":"open","ping_status":"open","sticky":false,"template":"","format":"standard","meta":{"_jetpack_memberships_contains_paid_content":false,"footnotes":""},"categories":[5],"tags":[],"class_list":["post-538","post","type-post","status-publish","format-standard","hentry","category-activitats"],"jetpack_featured_media_url":"","jetpack_sharing_enabled":true,"_links":{"self":[{"href":"https:\/\/eec.cat\/blog\/wp-json\/wp\/v2\/posts\/538","targetHints":{"allow":["GET"]}}],"collection":[{"href":"https:\/\/eec.cat\/blog\/wp-json\/wp\/v2\/posts"}],"about":[{"href":"https:\/\/eec.cat\/blog\/wp-json\/wp\/v2\/types\/post"}],"author":[{"embeddable":true,"href":"https:\/\/eec.cat\/blog\/wp-json\/wp\/v2\/users\/1"}],"replies":[{"embeddable":true,"href":"https:\/\/eec.cat\/blog\/wp-json\/wp\/v2\/comments?post=538"}],"version-history":[{"count":0,"href":"https:\/\/eec.cat\/blog\/wp-json\/wp\/v2\/posts\/538\/revisions"}],"wp:attachment":[{"href":"https:\/\/eec.cat\/blog\/wp-json\/wp\/v2\/media?parent=538"}],"wp:term":[{"taxonomy":"category","embeddable":true,"href":"https:\/\/eec.cat\/blog\/wp-json\/wp\/v2\/categories?post=538"},{"taxonomy":"post_tag","embeddable":true,"href":"https:\/\/eec.cat\/blog\/wp-json\/wp\/v2\/tags?post=538"}],"curies":[{"name":"wp","href":"https:\/\/api.w.org\/{rel}","templated":true}]}}