{"id":535,"date":"2014-03-03T00:02:48","date_gmt":"2014-03-03T00:02:48","guid":{"rendered":"http:\/\/eec.cat\/blog\/?p=535"},"modified":"2014-03-01T21:10:00","modified_gmt":"2014-03-01T21:10:00","slug":"dia-dia-3-de-marc-9-de-marc-2014","status":"publish","type":"post","link":"https:\/\/eec.cat\/blog\/dia-dia-3-de-marc-9-de-marc-2014\/","title":{"rendered":"Dia a Dia. 3 de mar\u00e7 &#8211; 9 de mar\u00e7 2014"},"content":{"rendered":"<p><span style=\"text-decoration: underline; color: #0000ff;\"><b><a href=\"http:\/\/eec.cat\/blog\/wp-content\/uploads\/2013\/07\/costadorada.jpg\"><img loading=\"lazy\" decoding=\"async\" class=\"alignleft size-thumbnail wp-image-122\" alt=\"costadorada\" src=\"http:\/\/eec.cat\/blog\/wp-content\/uploads\/2013\/07\/costadorada-150x150.jpg\" width=\"150\" height=\"150\" \/><\/a>Dilluns, 3 de mar\u00e7<\/b><\/span><\/p>\n<p>Salm 118, 1-7<\/p>\n<p>El Senyor \u00e9s al nostre costat, perqu\u00e8 el seu amor l\u2019empeny a acompanyar-nos i sostenir-nos. Les dificultats de la vida podem atemorir el nostre cor, per aix\u00f2 en els moments complicats hem d\u2019al\u00e7ar un c\u00e0ntic que ens ompli de confian\u00e7a per a poder tirar endavant. El Senyor \u00e9s el nostre defensor, perqu\u00e8 el seu amor \u00e9s per sempre.<\/p>\n<p>&nbsp;<\/p>\n<p><span style=\"text-decoration: underline;\"><span style=\"color: #0000ff;\"><b>Dimarts, 4 de mar\u00e7<\/b><\/span><\/span><\/p>\n<p>Salm 119, 1-8<\/p>\n<p>El nostres D\u00e9u \u00e9s aquell que vol ser mestre de la nostra vida, \u00e9s aquell que vol ensenyar-nos a caminar per les sendes de la seva voluntat. El nostre enteniment s\u2019enterboleix davant els preceptes de D\u00e9u, moltes vegades no entenem perqu\u00e8 ens demana les coses, per\u00f2 hem d\u2019aprendre a confiar en la just\u00edcia dels seus manaments.<\/p>\n<p>&nbsp;<\/p>\n<p><span style=\"text-decoration: underline;\"><span style=\"color: #0000ff;\"><b>Dimecres, 5 de mar\u00e7<\/b><\/span><\/span><\/p>\n<p>Salm 119, 9-16<\/p>\n<p>La Paraula de D\u00e9u ha de ser motor de les nostres accions i dels nostres moviments. Hem de construir les nostres vides damunt els ensenyaments del Senyor, perqu\u00e8 en la seva voluntat hi ha la nostra salvaci\u00f3, l\u2019esperan\u00e7a de la construcci\u00f3 d\u2019un nou m\u00f3n.<\/p>\n<p>&nbsp;<\/p>\n<p><span style=\"text-decoration: underline;\"><span style=\"color: #0000ff;\"><b>Dijous, 6 de mar\u00e7<\/b><\/span><\/span><\/p>\n<p>Salm 119, 17-24<\/p>\n<p>D\u00e9u ha fet un pacte amb el seu poble, un pacte que Ell mant\u00e9 fidelment vers nosaltres. Tenim una tasca per davant, hem de tirar endavant la voluntat de D\u00e9u en mig de les dificultats, per\u00f2 la prometen\u00e7a de la seva companyia ha de donar-nos les forces per complir la seva Paraula en mig de la seva creaci\u00f3.<\/p>\n<p>&nbsp;<\/p>\n<p><span style=\"text-decoration: underline;\"><span style=\"color: #0000ff;\"><b>Divendres, 7 de mar\u00e7<\/b><\/span><\/span><\/p>\n<p>Salm 119, 33-40<\/p>\n<p>Preguem D\u00e9u perqu\u00e8 ens il\u00b7lumini, perqu\u00e8 ens mostri el cam\u00ed que hem de seguir. Moltes vegades desviem la nostra mirada cap a les seguretats del m\u00f3n, per\u00f2 el cam\u00ed de la injust\u00edcia \u00e9s un cam\u00ed de mort. Trobarem la vida en complir la voluntat de D\u00e9u, encara que els que ens envolten no ho entenguin.<\/p>\n<p>&nbsp;<\/p>\n<p><span style=\"text-decoration: underline;\"><span style=\"color: #0000ff;\"><b>Dissabte, 8 de mar\u00e7<\/b><\/span><\/span><\/p>\n<p>Salm 119, 49-56<\/p>\n<p>L\u2019esperan\u00e7a s\u2019ha d\u2019afermar en la Paraula de D\u00e9u, en els seus manaments i les seves prometences, aquestes seran la nostra vida, all\u00f2 que empenyi el batec del nostre cor i l\u2019impuls dels nostres pulmons. Cantar la voluntat de D\u00e9u \u00e9s lloar la seva Paraula, que ens omple de valentia davant les dificultats.<\/p>\n<p>&nbsp;<\/p>\n<p><b>Diumenge, 9 de mar\u00e7<\/b><\/p>\n<p>Salm 119, 57-64<\/p>\n<p>Constantment hem de revisar la nostra vida, amb sinceritat, observar-nos i veure per quins camins transitem. Estem caminant guiats per la seva Paraula? L\u2019amor de D\u00e9u es manifesta en una Paraula que sempre vol arribar a nosaltres, per acompanyar-nos i guiar-nos dia a dia.<\/p>\n<p>&nbsp;<\/p>\n","protected":false},"excerpt":{"rendered":"<p>Dilluns, 3 de mar\u00e7 Salm 118, 1-7 El Senyor \u00e9s al nostre costat, perqu\u00e8 el seu amor l\u2019empeny a acompanyar-nos i sostenir-nos. Les dificultats de la vida podem atemorir el nostre cor, per aix\u00f2 en els moments complicats hem d\u2019al\u00e7ar un c\u00e0ntic que ens ompli de confian\u00e7a per a poder tirar endavant. El Senyor \u00e9s [&hellip;]<\/p>\n","protected":false},"author":1,"featured_media":0,"comment_status":"open","ping_status":"open","sticky":false,"template":"","format":"standard","meta":{"_jetpack_memberships_contains_paid_content":false,"footnotes":""},"categories":[7],"tags":[],"class_list":["post-535","post","type-post","status-publish","format-standard","hentry","category-meditacions-diaries"],"jetpack_featured_media_url":"","jetpack_sharing_enabled":true,"_links":{"self":[{"href":"https:\/\/eec.cat\/blog\/wp-json\/wp\/v2\/posts\/535","targetHints":{"allow":["GET"]}}],"collection":[{"href":"https:\/\/eec.cat\/blog\/wp-json\/wp\/v2\/posts"}],"about":[{"href":"https:\/\/eec.cat\/blog\/wp-json\/wp\/v2\/types\/post"}],"author":[{"embeddable":true,"href":"https:\/\/eec.cat\/blog\/wp-json\/wp\/v2\/users\/1"}],"replies":[{"embeddable":true,"href":"https:\/\/eec.cat\/blog\/wp-json\/wp\/v2\/comments?post=535"}],"version-history":[{"count":0,"href":"https:\/\/eec.cat\/blog\/wp-json\/wp\/v2\/posts\/535\/revisions"}],"wp:attachment":[{"href":"https:\/\/eec.cat\/blog\/wp-json\/wp\/v2\/media?parent=535"}],"wp:term":[{"taxonomy":"category","embeddable":true,"href":"https:\/\/eec.cat\/blog\/wp-json\/wp\/v2\/categories?post=535"},{"taxonomy":"post_tag","embeddable":true,"href":"https:\/\/eec.cat\/blog\/wp-json\/wp\/v2\/tags?post=535"}],"curies":[{"name":"wp","href":"https:\/\/api.w.org\/{rel}","templated":true}]}}