{"id":532,"date":"2014-03-01T20:59:10","date_gmt":"2014-03-01T20:59:10","guid":{"rendered":"http:\/\/eec.cat\/blog\/?p=532"},"modified":"2014-03-01T20:59:10","modified_gmt":"2014-03-01T20:59:10","slug":"el-metodisme-capdepera","status":"publish","type":"post","link":"https:\/\/eec.cat\/blog\/el-metodisme-capdepera\/","title":{"rendered":"El metodisme a capdepera"},"content":{"rendered":"<p><a href=\"http:\/\/eec.cat\/blog\/wp-content\/uploads\/2014\/01\/metodisme.jpg\"><img loading=\"lazy\" decoding=\"async\" class=\"aligncenter size-thumbnail wp-image-460\" alt=\"metodisme\" src=\"http:\/\/eec.cat\/blog\/wp-content\/uploads\/2014\/01\/metodisme-150x150.jpg\" width=\"150\" height=\"150\" \/><\/a><\/p>\n<p>El dia 24 de gener de 2014 es va presentar a Capdepera (Mallorca)\u00a0 el llibre: <b>El Metodisme a Capdepera, 78 aniversari de la mort de Bartolom\u00e9 Alou.<\/b><\/p>\n<p>A continuaci\u00f3n es van comen\u00e7ar les Jornades sobre la tem\u00e1tica del Metodisme a Capdepera sota els auspicis de l\u2019associaci\u00f3 cultural \u201cCap Vermell de Capdepera\u201d .\u00a0 Les Jornades van reunir a Josep\u00a0 Llu\u00eds Carod Rovira, \u00a0Director de la C\u00e0tedra sobre Diversitat Social de la Universitat Pompeu Fabra de Barcelona, coordinador del projecte &#8220;El protestantisme als Pa\u00efsos Catalans. Una hist\u00f2ria subterr\u00e0nia&#8221; i\u00a0autor de l\u2019estudi preliminar i a Pere Fullana, historiador,\u00a0 Carme Cap\u00f3, historiadora especialitzada en l\u2019estudi del metodisme a Catalunya i les Balears.\u00a0 Tamb\u00e9 els investigadors locals \u00a0Josep Terrassa, Miquell Llull, Ant\u00f2nia Ballester\u00a0i\u00a0Bartomeu Melis.<\/p>\n<p>Bona part de les nostres esgl\u00e9sies s\u00f3n hereves del Metodisme que va arribar al nostre pa\u00eds l\u2019any 1869 i per tant celebrem aquest nou llibre que s\u2019uneix a altres com \u00a0<i>L\u2019obra metodista a Catalunya i les Balears<\/i>\u00a0(1994) i El <i>Metodisme a Capdepera<\/i> (2009) de Carme Cap\u00f3 que serveixen per poder recordar la nostra hist\u00f2ria, una realitat que \u00e9s desconeguda per bona part del nostre entorn o, malauradament, arriba molt\u00a0 deformada i a vegades tergiversada.<\/p>\n<p>Pon\u00e8ncia de Carme Cap\u00f3 en video: \u00a0<a href=\"http:\/\/www.youtube.com\/watch?v=60EZqIKG_1Y\" target=\"_blank\">http:\/\/www.youtube.com\/watch?v=60EZqIKG_1Y<\/a><\/p>\n<p><a href=\"http:\/\/eec.cat\/blog\/wp-content\/uploads\/2014\/03\/th.jpg\"><img loading=\"lazy\" decoding=\"async\" class=\"alignleft size-thumbnail wp-image-533\" alt=\"th\" src=\"http:\/\/eec.cat\/blog\/wp-content\/uploads\/2014\/03\/th-150x128.jpg\" width=\"150\" height=\"128\" \/><\/a><\/p>\n","protected":false},"excerpt":{"rendered":"<p>El dia 24 de gener de 2014 es va presentar a Capdepera (Mallorca)\u00a0 el llibre: El Metodisme a Capdepera, 78 aniversari de la mort de Bartolom\u00e9 Alou. A continuaci\u00f3n es van comen\u00e7ar les Jornades sobre la tem\u00e1tica del Metodisme a Capdepera sota els auspicis de l\u2019associaci\u00f3 cultural \u201cCap Vermell de Capdepera\u201d .\u00a0 Les Jornades van [&hellip;]<\/p>\n","protected":false},"author":1,"featured_media":0,"comment_status":"open","ping_status":"open","sticky":false,"template":"","format":"standard","meta":{"_jetpack_memberships_contains_paid_content":false,"footnotes":""},"categories":[1],"tags":[],"class_list":["post-532","post","type-post","status-publish","format-standard","hentry","category-general"],"jetpack_featured_media_url":"","jetpack_sharing_enabled":true,"_links":{"self":[{"href":"https:\/\/eec.cat\/blog\/wp-json\/wp\/v2\/posts\/532","targetHints":{"allow":["GET"]}}],"collection":[{"href":"https:\/\/eec.cat\/blog\/wp-json\/wp\/v2\/posts"}],"about":[{"href":"https:\/\/eec.cat\/blog\/wp-json\/wp\/v2\/types\/post"}],"author":[{"embeddable":true,"href":"https:\/\/eec.cat\/blog\/wp-json\/wp\/v2\/users\/1"}],"replies":[{"embeddable":true,"href":"https:\/\/eec.cat\/blog\/wp-json\/wp\/v2\/comments?post=532"}],"version-history":[{"count":0,"href":"https:\/\/eec.cat\/blog\/wp-json\/wp\/v2\/posts\/532\/revisions"}],"wp:attachment":[{"href":"https:\/\/eec.cat\/blog\/wp-json\/wp\/v2\/media?parent=532"}],"wp:term":[{"taxonomy":"category","embeddable":true,"href":"https:\/\/eec.cat\/blog\/wp-json\/wp\/v2\/categories?post=532"},{"taxonomy":"post_tag","embeddable":true,"href":"https:\/\/eec.cat\/blog\/wp-json\/wp\/v2\/tags?post=532"}],"curies":[{"name":"wp","href":"https:\/\/api.w.org\/{rel}","templated":true}]}}