{"id":526,"date":"2014-02-24T09:03:22","date_gmt":"2014-02-24T09:03:22","guid":{"rendered":"http:\/\/eec.cat\/blog\/?p=526"},"modified":"2026-04-05T19:29:36","modified_gmt":"2026-04-05T18:29:36","slug":"inaguracio-arxiu-historic-biblioteca","status":"publish","type":"post","link":"https:\/\/eec.cat\/blog\/inaguracio-arxiu-historic-biblioteca\/","title":{"rendered":"Inauguraci\u00f3 arxiu hist\u00f2ric i biblioteca"},"content":{"rendered":"<p><a href=\"http:\/\/eec.cat\/blog\/wp-content\/uploads\/2014\/02\/inauguracio-arxiu-historic.jpg\"><img loading=\"lazy\" decoding=\"async\" class=\"alignleft size-full wp-image-527\" alt=\"inauguracio-arxiu-historic\" src=\"http:\/\/eec.cat\/blog\/wp-content\/uploads\/2014\/02\/inauguracio-arxiu-historic.jpg\" width=\"100\" height=\"99\" \/><\/a>Diumenge vinent dia 2 de mar\u00e7 l\u2019Esgl\u00e9sia Protestant de Barcelona tindr\u00e0 el goig d\u2019inaugurar el nou Arxiu Hist\u00f2ric i la Biblioteca que s\u2019ha instal\u00b7lat a la primera planta de l\u2019esmentada esgl\u00e9sia. Agra\u00efm l\u2019equip que duu a terme aquesta minuciosa i incansable tasca de recopilar documents, fotografies, objectes que composen la nostra hist\u00f2ria, els nostres or\u00edgens de les esgl\u00e9sies Metodistes de Catalunya i les Balears.<\/p>\n","protected":false},"excerpt":{"rendered":"<p>Diumenge vinent dia 2 de mar\u00e7 l\u2019Esgl\u00e9sia Protestant de Barcelona tindr\u00e0 el goig d\u2019inaugurar el nou Arxiu Hist\u00f2ric i la Biblioteca que s\u2019ha instal\u00b7lat a la primera planta de l\u2019esmentada esgl\u00e9sia. Agra\u00efm l\u2019equip que duu a terme aquesta minuciosa i incansable tasca de recopilar documents, fotografies, objectes que composen la nostra hist\u00f2ria, els nostres or\u00edgens [&hellip;]<\/p>\n","protected":false},"author":1,"featured_media":0,"comment_status":"open","ping_status":"open","sticky":false,"template":"","format":"standard","meta":{"_jetpack_memberships_contains_paid_content":false,"footnotes":""},"categories":[4],"tags":[],"class_list":["post-526","post","type-post","status-publish","format-standard","hentry","category-noticies"],"jetpack_featured_media_url":"","jetpack_sharing_enabled":true,"_links":{"self":[{"href":"https:\/\/eec.cat\/blog\/wp-json\/wp\/v2\/posts\/526","targetHints":{"allow":["GET"]}}],"collection":[{"href":"https:\/\/eec.cat\/blog\/wp-json\/wp\/v2\/posts"}],"about":[{"href":"https:\/\/eec.cat\/blog\/wp-json\/wp\/v2\/types\/post"}],"author":[{"embeddable":true,"href":"https:\/\/eec.cat\/blog\/wp-json\/wp\/v2\/users\/1"}],"replies":[{"embeddable":true,"href":"https:\/\/eec.cat\/blog\/wp-json\/wp\/v2\/comments?post=526"}],"version-history":[{"count":1,"href":"https:\/\/eec.cat\/blog\/wp-json\/wp\/v2\/posts\/526\/revisions"}],"predecessor-version":[{"id":2726,"href":"https:\/\/eec.cat\/blog\/wp-json\/wp\/v2\/posts\/526\/revisions\/2726"}],"wp:attachment":[{"href":"https:\/\/eec.cat\/blog\/wp-json\/wp\/v2\/media?parent=526"}],"wp:term":[{"taxonomy":"category","embeddable":true,"href":"https:\/\/eec.cat\/blog\/wp-json\/wp\/v2\/categories?post=526"},{"taxonomy":"post_tag","embeddable":true,"href":"https:\/\/eec.cat\/blog\/wp-json\/wp\/v2\/tags?post=526"}],"curies":[{"name":"wp","href":"https:\/\/api.w.org\/{rel}","templated":true}]}}